{"id":116215,"date":"2021-05-05T15:14:14","date_gmt":"2021-05-05T19:14:14","guid":{"rendered":"https:\/\/linitiative.ca\/International\/pros-rio-ferdinand-foden-et-mahrez-etaient-immenses-en-attaque\/"},"modified":"2021-05-05T15:14:14","modified_gmt":"2021-05-05T19:14:14","slug":"pros-rio-ferdinand-foden-et-mahrez-etaient-immenses-en-attaque","status":"publish","type":"post","link":"https:\/\/linitiative.ca\/International\/pros-rio-ferdinand-foden-et-mahrez-etaient-immenses-en-attaque\/","title":{"rendered":"Pros : Rio Ferdinand : \u00ab\u00a0Foden et Mahrez \u00e9taient immenses en attaque\u00a0\u00bb"},"content":{"rendered":"<div readability=\"32\">\n<p>Auteur : <span class=\"time\">mercredi 05 mai 2021 08:59<\/span><\/p>\n<\/div>\n<div id=\"post_core\" readability=\"60\">\n<p>\u00c0 20 ans, l\u2019international anglais (6 s\u00e9lections) aura l\u2019occasion de remporter une Ligue des Champions dans quelques semaines, le 29 mai prochain. Hier soir apr\u00e8s la rencontre, Rio Ferdinand n\u2019a pas m\u00e2ch\u00e9 ses mots concernant le joueur form\u00e9 \u00e0 Manchester City, qu\u2019il consid\u00e8re d\u00e9sormais comme le meilleur jeune du monde.<\/p>\n<p>\u00ab\u00a0(Erling) Haaland n&rsquo;a pas encore jou\u00e9 \u00e0 ce niveau. En ce moment, Foden est le plus en forme. Je ne suis pas un fan de City mais j&rsquo;aime les regarder jouer au football. Mahrez, Sterling, De Bruyne, Silva, Gundogan, ils \u00e9changent, la fluidit\u00e9 avec laquelle ils jouent, c&rsquo;est du football total. (Ruben) Dias et (John) Stones \u00e9taient imp\u00e9n\u00e9trables, Foden et Mahrez \u00e9taient immenses en attaque, Fernandinho \u00e9tait superbe \u00e0 36 ans, c&rsquo;\u00e9tait une tr\u00e8s, tr\u00e8s bonne performance d&rsquo;une \u00e9quipe de tr\u00e8s, tr\u00e8s haut niveau\u00a0\u00bb, a-t-il expliqu\u00e9 au micro de BT Sport et comme le rapporte Footmercato.<\/p>\n<p><strong>Publi\u00e9 dans :<\/strong> <span>Manchester City<\/span><\/p>\n<\/div>\n<p>Auteur:<br \/>\n<a href=\"http:\/\/www.lebuteur.com\/article\/detail?titre=rio-ferdinand-foden-et-mahrez-etaient-immenses-en-attaque&#038;id=99959&#038;utm_source=feedburner&#038;utm_medium=feed&#038;utm_campaign=Feed%3A+GalerieFArtciles+%28Les+derniers+articles++-+lebuteur.com%29\">Cliquez ici pour lire l&rsquo;article depuis sa source.<\/a><\/p>\n","protected":false},"excerpt":{"rendered":"<p>Auteur : mercredi 05 mai 2021 08:59 \u00c0 20 ans, l\u2019international anglais (6 s\u00e9lections) aura l\u2019occasion de remporter une Ligue des Champions dans quelques semaines, le 29 mai prochain. Hier soir apr\u00e8s la rencontre, Rio Ferdinand n\u2019a pas m\u00e2ch\u00e9 ses mots concernant le joueur form\u00e9 \u00e0 Manchester City, qu\u2019il consid\u00e8re d\u00e9sormais comme le meilleur jeune [&hellip;]<\/p>\n","protected":false},"author":1738,"featured_media":0,"comment_status":"closed","ping_status":"closed","sticky":false,"template":"","format":"standard","meta":{"fifu_image_url":"\/\/cdn.lebuteur.com\/data\/images\/article\/thumbs\/large-rio-ferdinand-foden-et-mahrez-etaient-immenses-en-attaque-440db.jpg","fifu_image_alt":"Pros : Rio Ferdinand : \"Foden et Mahrez \u00e9taient immenses en attaque\"","footnotes":""},"categories":[53,75],"tags":[],"class_list":["post-116215","post","type-post","status-publish","format-standard","hentry","category-algerie","category-sport"],"_links":{"self":[{"href":"https:\/\/linitiative.ca\/International\/wp-json\/wp\/v2\/posts\/116215","targetHints":{"allow":["GET"]}}],"collection":[{"href":"https:\/\/linitiative.ca\/International\/wp-json\/wp\/v2\/posts"}],"about":[{"href":"https:\/\/linitiative.ca\/International\/wp-json\/wp\/v2\/types\/post"}],"author":[{"embeddable":true,"href":"https:\/\/linitiative.ca\/International\/wp-json\/wp\/v2\/users\/1738"}],"replies":[{"embeddable":true,"href":"https:\/\/linitiative.ca\/International\/wp-json\/wp\/v2\/comments?post=116215"}],"version-history":[{"count":0,"href":"https:\/\/linitiative.ca\/International\/wp-json\/wp\/v2\/posts\/116215\/revisions"}],"wp:attachment":[{"href":"https:\/\/linitiative.ca\/International\/wp-json\/wp\/v2\/media?parent=116215"}],"wp:term":[{"taxonomy":"category","embeddable":true,"href":"https:\/\/linitiative.ca\/International\/wp-json\/wp\/v2\/categories?post=116215"},{"taxonomy":"post_tag","embeddable":true,"href":"https:\/\/linitiative.ca\/International\/wp-json\/wp\/v2\/tags?post=116215"}],"curies":[{"name":"wp","href":"https:\/\/api.w.org\/{rel}","templated":true}]}}