{"id":116216,"date":"2021-05-05T15:14:16","date_gmt":"2021-05-05T19:14:16","guid":{"rendered":"https:\/\/linitiative.ca\/International\/pros-manchester-city-mahrez-a-senti-le-psg-craquer\/"},"modified":"2021-05-05T15:14:16","modified_gmt":"2021-05-05T19:14:16","slug":"pros-manchester-city-mahrez-a-senti-le-psg-craquer","status":"publish","type":"post","link":"https:\/\/linitiative.ca\/International\/pros-manchester-city-mahrez-a-senti-le-psg-craquer\/","title":{"rendered":"Pros : Manchester City: Mahrez a senti le PSG craquer"},"content":{"rendered":"<div readability=\"32\">\n<p>Auteur : <span class=\"time\">mercredi 05 mai 2021 14:10<\/span><\/p>\n<\/div>\n<div id=\"post_core\" readability=\"47\">\n<p>Frustr\u00e9s, les joueurs du Paris Saint-Germain ont sombr\u00e9 dans la nervosit\u00e9 et compl\u00e8tement perdu pied durant la derni\u00e8re demi-heure de leur demi-finale retour de la Ligue des Champions mardi face \u00e0 Manchester City (0-2). A l\u2019image du mauvais geste d\u2019Angel Di Maria, expuls\u00e9 \u00e0 la 69e minute pour avoir volontairement march\u00e9 sur le pied de Fernandinho, l\u2019ailier des Skyblues, Riyad Mahrez, a senti les esprits des Parisiens s\u2019\u00e9chauffer progressivement: \u00ab\u00a0Apr\u00e8s le but en seconde p\u00e9riode, on a vraiment bien jou\u00e9. On aurait pu en marquer plus. Et puis ils ont perdu leur sang-froid et ils se sont mis \u00e0 nous frapper, a d\u00e9plor\u00e9 l\u2019international alg\u00e9rien, auteur d\u2019un doubl\u00e9, au micro de BT Sport. Leur carton rouge nous a rendu les choses beaucoup plus faciles.\u00a0\u00bb Avec 3 buts \u00e0 marquer \u00e0 dix contre onze, le challenge \u00e9tait effectivement beaucoup trop relev\u00e9 pour des Parisiens qui ne semblaient d\u00e9j\u00e0 pas en mesure de refaire leur retard avec 11 joueurs sur le terrain rapporte Maxifoot.fr.<\/p>\n<p><strong>Publi\u00e9 dans :<\/strong> <span>PSG<\/span> <span>Mahrez<\/span><\/p>\n<\/div>\n<p>Auteur:<br \/>\n<a href=\"http:\/\/www.lebuteur.com\/article\/detail?titre=manchester-city-mahrez-a-senti-le-psg-craquer&#038;id=99962&#038;utm_source=feedburner&#038;utm_medium=feed&#038;utm_campaign=Feed%3A+GalerieFArtciles+%28Les+derniers+articles++-+lebuteur.com%29\">Cliquez ici pour lire l&rsquo;article depuis sa source.<\/a><\/p>\n","protected":false},"excerpt":{"rendered":"<p>Auteur : mercredi 05 mai 2021 14:10 Frustr\u00e9s, les joueurs du Paris Saint-Germain ont sombr\u00e9 dans la nervosit\u00e9 et compl\u00e8tement perdu pied durant la derni\u00e8re demi-heure de leur demi-finale retour de la Ligue des Champions mardi face \u00e0 Manchester City (0-2). A l\u2019image du mauvais geste d\u2019Angel Di Maria, expuls\u00e9 \u00e0 la 69e minute pour [&hellip;]<\/p>\n","protected":false},"author":1738,"featured_media":0,"comment_status":"closed","ping_status":"closed","sticky":false,"template":"","format":"standard","meta":{"fifu_image_url":"\/\/cdn.lebuteur.com\/data\/images\/article\/thumbs\/large-manchester-city-mahrez-a-senti-le-psg-craquer-097b3.jpg","fifu_image_alt":"Pros : Manchester City: Mahrez a senti le PSG craquer","footnotes":""},"categories":[53,75],"tags":[],"class_list":["post-116216","post","type-post","status-publish","format-standard","hentry","category-algerie","category-sport"],"_links":{"self":[{"href":"https:\/\/linitiative.ca\/International\/wp-json\/wp\/v2\/posts\/116216","targetHints":{"allow":["GET"]}}],"collection":[{"href":"https:\/\/linitiative.ca\/International\/wp-json\/wp\/v2\/posts"}],"about":[{"href":"https:\/\/linitiative.ca\/International\/wp-json\/wp\/v2\/types\/post"}],"author":[{"embeddable":true,"href":"https:\/\/linitiative.ca\/International\/wp-json\/wp\/v2\/users\/1738"}],"replies":[{"embeddable":true,"href":"https:\/\/linitiative.ca\/International\/wp-json\/wp\/v2\/comments?post=116216"}],"version-history":[{"count":0,"href":"https:\/\/linitiative.ca\/International\/wp-json\/wp\/v2\/posts\/116216\/revisions"}],"wp:attachment":[{"href":"https:\/\/linitiative.ca\/International\/wp-json\/wp\/v2\/media?parent=116216"}],"wp:term":[{"taxonomy":"category","embeddable":true,"href":"https:\/\/linitiative.ca\/International\/wp-json\/wp\/v2\/categories?post=116216"},{"taxonomy":"post_tag","embeddable":true,"href":"https:\/\/linitiative.ca\/International\/wp-json\/wp\/v2\/tags?post=116216"}],"curies":[{"name":"wp","href":"https:\/\/api.w.org\/{rel}","templated":true}]}}