{"id":116217,"date":"2021-05-05T15:14:19","date_gmt":"2021-05-05T19:14:19","guid":{"rendered":"https:\/\/linitiative.ca\/International\/international-inter-milan-une-offre-en-vue-pour-un-international-allemand\/"},"modified":"2021-05-05T15:14:19","modified_gmt":"2021-05-05T19:14:19","slug":"international-inter-milan-une-offre-en-vue-pour-un-international-allemand","status":"publish","type":"post","link":"https:\/\/linitiative.ca\/International\/international-inter-milan-une-offre-en-vue-pour-un-international-allemand\/","title":{"rendered":"International : Inter Milan : Une offre en vue pour un international allemand"},"content":{"rendered":"<div readability=\"32\">\n<p>Auteur : <span class=\"time\">mercredi 05 mai 2021 14:30<\/span><\/p>\n<\/div>\n<div id=\"post_core\" readability=\"46\">\n<p>A la recherche d\u2019un lat\u00e9ral gauche, les dirigeants Nerrazzuri vont passer \u00e0 la vitesse sup\u00e9rieure sur ce dossier. Selon Les-Transferts et TMW, les Int\u00e9ristes seraient proche de transmettre une premi\u00e8re offre de 18 millions d\u2019euros pour Robin Gosens. Sous contrat jusqu\u2019en juin 2022 avec l\u2019Atalanta Bergame, l\u2019international allemand pourrait disposer d\u2019un bon de sortie.<\/p>\n<p>Dans le viseur de Leicester City ou encore de la Juventus Turin, il serait estim\u00e9 \u00e0 30 millions d\u2019euros. Cette saison, le natif d\u2019Emmerich a inscrit 10 buts et d\u00e9livr\u00e9 6 passes d\u00e9cisives en 28 rencontres de championnat de Serie A.<\/p>\n<p><strong>Publi\u00e9 dans :<\/strong> <span>inter milan<\/span> <span>Robin Gosens<\/span><\/p>\n<\/div>\n<p>Auteur:<br \/>\n<a href=\"http:\/\/www.lebuteur.com\/article\/detail?titre=inter-milan-une-offre-en-vue-pour-un-international-allemand&#038;id=99961&#038;utm_source=feedburner&#038;utm_medium=feed&#038;utm_campaign=Feed%3A+GalerieFArtciles+%28Les+derniers+articles++-+lebuteur.com%29\">Cliquez ici pour lire l&rsquo;article depuis sa source.<\/a><\/p>\n","protected":false},"excerpt":{"rendered":"<p>Auteur : mercredi 05 mai 2021 14:30 A la recherche d\u2019un lat\u00e9ral gauche, les dirigeants Nerrazzuri vont passer \u00e0 la vitesse sup\u00e9rieure sur ce dossier. Selon Les-Transferts et TMW, les Int\u00e9ristes seraient proche de transmettre une premi\u00e8re offre de 18 millions d\u2019euros pour Robin Gosens. Sous contrat jusqu\u2019en juin 2022 avec l\u2019Atalanta Bergame, l\u2019international allemand [&hellip;]<\/p>\n","protected":false},"author":1738,"featured_media":0,"comment_status":"closed","ping_status":"closed","sticky":false,"template":"","format":"standard","meta":{"fifu_image_url":"\/\/cdn.lebuteur.com\/data\/images\/article\/thumbs\/large-inter-milan-une-offre-en-vue-pour-un-international-allemand-abd84.jpg","fifu_image_alt":"International : Inter Milan : Une offre en vue pour un international allemand","footnotes":""},"categories":[53,75],"tags":[],"class_list":["post-116217","post","type-post","status-publish","format-standard","hentry","category-algerie","category-sport"],"_links":{"self":[{"href":"https:\/\/linitiative.ca\/International\/wp-json\/wp\/v2\/posts\/116217","targetHints":{"allow":["GET"]}}],"collection":[{"href":"https:\/\/linitiative.ca\/International\/wp-json\/wp\/v2\/posts"}],"about":[{"href":"https:\/\/linitiative.ca\/International\/wp-json\/wp\/v2\/types\/post"}],"author":[{"embeddable":true,"href":"https:\/\/linitiative.ca\/International\/wp-json\/wp\/v2\/users\/1738"}],"replies":[{"embeddable":true,"href":"https:\/\/linitiative.ca\/International\/wp-json\/wp\/v2\/comments?post=116217"}],"version-history":[{"count":0,"href":"https:\/\/linitiative.ca\/International\/wp-json\/wp\/v2\/posts\/116217\/revisions"}],"wp:attachment":[{"href":"https:\/\/linitiative.ca\/International\/wp-json\/wp\/v2\/media?parent=116217"}],"wp:term":[{"taxonomy":"category","embeddable":true,"href":"https:\/\/linitiative.ca\/International\/wp-json\/wp\/v2\/categories?post=116217"},{"taxonomy":"post_tag","embeddable":true,"href":"https:\/\/linitiative.ca\/International\/wp-json\/wp\/v2\/tags?post=116217"}],"curies":[{"name":"wp","href":"https:\/\/api.w.org\/{rel}","templated":true}]}}