{"id":116219,"date":"2021-05-05T11:40:05","date_gmt":"2021-05-05T15:40:05","guid":{"rendered":"https:\/\/linitiative.ca\/International\/medea-56-eleves-blesses-dans-une-collision-entre-deux-bus-scolaires\/"},"modified":"2021-05-05T11:40:05","modified_gmt":"2021-05-05T15:40:05","slug":"medea-56-eleves-blesses-dans-une-collision-entre-deux-bus-scolaires","status":"publish","type":"post","link":"https:\/\/linitiative.ca\/International\/medea-56-eleves-blesses-dans-une-collision-entre-deux-bus-scolaires\/","title":{"rendered":"M\u00e9d\u00e9a : 56 \u00e9l\u00e8ves bless\u00e9s dans une collision entre deux bus scolaires\u00a0"},"content":{"rendered":"<h4 class=\"title-14\"\/>\n<div class=\"featured_image\"><img loading=\"lazy\" decoding=\"async\" width=\"720\" height=\"469\" src=\"https:\/\/www.elwatan.com\/wp-content\/uploads\/2021\/05\/PSX_20210505_164111.jpg\" class=\"attachment-post-thumbnail size-post-thumbnail wp-post-image\" alt=\"\" srcset=\"https:\/\/www.elwatan.com\/wp-content\/uploads\/2021\/05\/PSX_20210505_164111.jpg 720w, https:\/\/www.elwatan.com\/wp-content\/uploads\/2021\/05\/PSX_20210505_164111-300x195.jpg 300w\" sizes=\"auto, (max-width: 720px) 100vw, 720px\"\/><\/div>\n<p>Au total, 56 \u00e9l\u00e8ves ont \u00e9t\u00e9 bless\u00e9s l\u00e9g\u00e8rement, suite dans une collision frontale, survenue, mercredi 5 mai, dans la commune de Tizi-Mahdi, ouest de M\u00e9d\u00e9a, entre deux bus de transport scolaire, a-t-on appris aupr\u00e8s de la protection civile.<\/p>\n<p>L\u2019accident, du vraisemblablement \u00e0 l\u2019\u00e9pais brouillard qui couvrait la r\u00e9gion, s\u2019est produit \u00e0 au lieu-dit \u00abSidi-El-Bakhti\u00bb, dans la commune de Tizi-Mahdi, \u00e0 29 km \u00e0 l\u2019ouest de M\u00e9d\u00e9a, a indiqu\u00e9 la m\u00eame source, pr\u00e9cisant que les bless\u00e9s, en majorit\u00e9 des \u00e9l\u00e8ves, ne souffrent pas de blessures grave.<\/p>\n<p>Une seule \u00e9l\u00e8ve, bless\u00e9e \u00e0 la t\u00eate, a \u00e9t\u00e9 \u00e9vacu\u00e9e par des automobilistes de passage vers l\u2019h\u00f4pital Mohamed Boudiaf pour recevoir les soins n\u00e9cessaires, a-t-on ajout\u00e9.<\/p>\n<p><span class=\"post-views-label\">Post Views:<\/span> <span class=\"post-views-count\">361<\/span><\/p>\n<p><br class=\"c3\"\/><\/p>\n<div class=\"ichhar-moneytagnative c5\" id=\"ichhar-905423206\">\n<p>Advertisements<\/p>\n<\/div>\n<p><br class=\"c3\"\/><br \/>\n<br class=\"c6\"\/><\/p>\n<p>Auteur: Mohand Yahiaoui<br \/>\n<a href=\"https:\/\/www.elwatan.com\/edition\/actualite\/medea-56-eleves-blesses-dans-une-collision-entre-deux-bus-scolaires-05-05-2021\">Cliquez ici pour lire l&rsquo;article depuis sa source.<\/a><\/p>\n","protected":false},"excerpt":{"rendered":"<p>Au total, 56 \u00e9l\u00e8ves ont \u00e9t\u00e9 bless\u00e9s l\u00e9g\u00e8rement, suite dans une collision frontale, survenue, mercredi 5 mai, dans la commune de Tizi-Mahdi, ouest de M\u00e9d\u00e9a, entre deux bus de transport scolaire, a-t-on appris aupr\u00e8s de la protection civile. L\u2019accident, du vraisemblablement \u00e0 l\u2019\u00e9pais brouillard qui couvrait la r\u00e9gion, s\u2019est produit \u00e0 au lieu-dit \u00abSidi-El-Bakhti\u00bb, dans [&hellip;]<\/p>\n","protected":false},"author":1743,"featured_media":0,"comment_status":"closed","ping_status":"closed","sticky":false,"template":"","format":"standard","meta":{"fifu_image_url":"https:\/\/www.elwatan.com\/wp-content\/uploads\/2021\/05\/PSX_20210505_164111.jpg","fifu_image_alt":"M\u00e9d\u00e9a : 56 \u00e9l\u00e8ves bless\u00e9s dans une collision entre deux bus scolaires\u00a0","footnotes":""},"categories":[73,53],"tags":[],"class_list":["post-116219","post","type-post","status-publish","format-standard","hentry","category-actualite","category-algerie"],"_links":{"self":[{"href":"https:\/\/linitiative.ca\/International\/wp-json\/wp\/v2\/posts\/116219","targetHints":{"allow":["GET"]}}],"collection":[{"href":"https:\/\/linitiative.ca\/International\/wp-json\/wp\/v2\/posts"}],"about":[{"href":"https:\/\/linitiative.ca\/International\/wp-json\/wp\/v2\/types\/post"}],"author":[{"embeddable":true,"href":"https:\/\/linitiative.ca\/International\/wp-json\/wp\/v2\/users\/1743"}],"replies":[{"embeddable":true,"href":"https:\/\/linitiative.ca\/International\/wp-json\/wp\/v2\/comments?post=116219"}],"version-history":[{"count":0,"href":"https:\/\/linitiative.ca\/International\/wp-json\/wp\/v2\/posts\/116219\/revisions"}],"wp:attachment":[{"href":"https:\/\/linitiative.ca\/International\/wp-json\/wp\/v2\/media?parent=116219"}],"wp:term":[{"taxonomy":"category","embeddable":true,"href":"https:\/\/linitiative.ca\/International\/wp-json\/wp\/v2\/categories?post=116219"},{"taxonomy":"post_tag","embeddable":true,"href":"https:\/\/linitiative.ca\/International\/wp-json\/wp\/v2\/tags?post=116219"}],"curies":[{"name":"wp","href":"https:\/\/api.w.org\/{rel}","templated":true}]}}