{"id":116220,"date":"2021-05-05T07:09:00","date_gmt":"2021-05-05T11:09:00","guid":{"rendered":"https:\/\/linitiative.ca\/International\/saied-puis-mechichi-bientot-a-rome-et-lamorgese-apres-laid-a-tunis\/"},"modified":"2021-05-05T07:09:00","modified_gmt":"2021-05-05T11:09:00","slug":"saied-puis-mechichi-bientot-a-rome-et-lamorgese-apres-laid-a-tunis","status":"publish","type":"post","link":"https:\/\/linitiative.ca\/International\/saied-puis-mechichi-bientot-a-rome-et-lamorgese-apres-laid-a-tunis\/","title":{"rendered":"Saied, puis Mechichi bient\u00f4t \u00e0 Rome et Lamorgese, apr\u00e8s l\u2019A\u00efd, \u00e0 Tunis"},"content":{"rendered":"<p>Trois grands rendez-vous tuniso-italiens significatifs sont pr\u00e9vus apr\u00e8s l\u2019A\u00efd d\u2019ici fin juin, \u00e0 Tunis, puis \u00e0 Rome. C\u2019est ainsi que le pr\u00e9sident Kais Sa\u00efed est attendu en visite officielle \u00e0 Rome \u00e0 l\u2019invitation de son homologue Sergio Mattarella. Outre sa proximit\u00e9 imm\u00e9diate de la Tunisie et son r\u00f4le actif au sein de l&rsquo;Union europ\u00e9enne, l&rsquo;Italie assure cette ann\u00e9e la pr\u00e9sidence du G20. La date de la visite n&rsquo;est pas encore officiellement annon\u00e7\u00e9e, mais au menu des entretiens, nous indique-t-on, des discussions politiques, la situation dans la r\u00e9gion et la coop\u00e9ration bilat\u00e9rale. En filigrane, la lutte contre la migration clandestine, sujet de forte pr\u00e9occupation en Italie et en Europe. Un traitement purement s\u00e9curitaires, ne saurait \u00e0 lui seul constituer la bonne risposte, affirment d&rsquo;une m\u00eame voix les deux capitales. Plus que l&rsquo;aide au d\u00e9veloppement, \u00e0 la cr\u00e9ation d&rsquo;entreprises et d&#8217;emploi, ainsi que des programmes de maintien au pays natal, c&rsquo;est tout un nouveau concept de la question migratoire qui est \u00e0 forger avec l&rsquo;Italie, mais aussi l&rsquo;Union europ\u00e9enne.<\/p>\n<p>Rome confirmera \u00e0 cette occasion son soutien \u00e0 la Tunisie, dans sa transition d\u00e9mocratique, son d\u00e9veloppement, sa lutte contre la migration clandestine ainsi que le terrorisme. De nouveaux cr\u00e9dits seraient annonc\u00e9s, apprend <span class=\"c2\"><em>Leaders<\/em><\/span> de bonne source romaine. Parmi les nouvelles id\u00e9es en cours d&rsquo;\u00e9laboration, un partenariat entre des firmes italiennes et tunisiennes pour op\u00e9rer ensemble en Libye. De grandes entreprises italiennes sont en effet \u00e0 la recherche de techniciens et ing\u00e9nieurs tunisiens pour renforcer leurs \u00e9quipes qui seront d\u00e9ploy\u00e9es en Libye.<\/p>\n<p><span class=\"c3\"><strong>Quelques jours ou semaines apr\u00e8s (en attendant la confirmation de la Kasbah), c\u2019est au tour du chef du gouvernement, Hichem Mechichi de s\u2019envoler \u00e0 Rome<\/strong><\/span> y effectuer la visite initialement pr\u00e9vue le 8 d\u00e9cembre dernier, dans la suite de celle \u00e0 Paris et report\u00e9e en raison de l\u2019infection du Covid du ministre de l\u2019Economie, Ali Kooli. A l\u2019\u00e9poque, il devait rencontrer Giueseppe Conte, alors pr\u00e9sident du conseil ministres italiens. Depuis le 13 f\u00e9vrier dernier, c\u2019est Mario Draghi lui a succ\u00e9d\u00e9. Economiste de renom, gouverneur de la Banque centrale italienne puis celle europ\u00e9enne, il a su reprendre en main une situation \u00e9conomique et sanitaire tr\u00e8s d\u00e9licate.<\/p>\n<p>Le terrain balis\u00e9 par les pr\u00e9sident Sa\u00efed et Mattarella, il appartiendra alors \u00e0 Mechichi et Draghi d\u2019aller au fond des dossiers. Puis, ouvrir la voie \u00e0 leurs ministres respectifs pour \u00e9changer des visites de travail.<\/p>\n<p><span class=\"c3\"><strong>Mais, d\u2019ores et d\u00e9j\u00e0, et avant ce ballet de d\u00e9placements entre Tunis et Rome, c\u2019est la ministre italienne de l\u2019int\u00e9rieur, Luciana Lamorgese qui donnera le la, en se rendant \u00e0 Tunis le jeudi 20 mai courant<\/strong><\/span>. <a href=\"https:\/\/www.g20.org\/italian-g20-presidency\/ministerial-meetings.html\">La troisi\u00e8me, depuis le 27 juillet dernier<\/a>. Elle n\u2019y viendra pas seule. Comme lors de sa derni\u00e8re visite <a href=\"https:\/\/www.leaders.com.tn\/article\/30433-migration-clandestine-deux-ministres-italiens-et-deux-commissaires-europeens-a-tunis-ce-lundi-tiendront-ils-leurs-engagements\">le 16 ao\u00fbt 202<\/a>0, elle sera accompagn\u00e9e de la Commissaire europ\u00e9enne aux Affaires int\u00e9rieures, Ylva Johansson (Su\u00e9doise). La d\u00e9marche est bien europ\u00e9enne.<\/p>\n<p>Par ailleurs, et en sa qualit\u00e9 de pr\u00e9sident en exercice, depuis le 1er janvier, du G20, l\u2019Italie organise une s\u00e9rie de manifestations et de r\u00e9unions minist\u00e9rielles. C\u2019est ainsi qu\u2019elle r\u00e9unira <a href=\"https:\/\/www.g20.org\/italian-g20-presidency\/ministerial-meetings.html\">le 29 juin prochain dans la ville de Matera<\/a> (au sud), une r\u00e9union conjointe des ministres des Affaires \u00e9trang\u00e8res du D\u00e9veloppement, des pays membres. Dans un geste significatif, la Tunisie y a \u00e9t\u00e9 convi\u00e9e et une invitation a \u00e9t\u00e9 remise aux deux ministres concern\u00e9s.<\/p>\n<p>L\u2019agenda est rempli&#8230; Les caisses sont vides. A la diplomatie de jouer&#8230; utilement.<br \/>\u00a0<\/p>\n<p>Auteur:<br \/>\n<a href=\"https:\/\/www.leaders.com.tn\/article\/31828-saied-puis-mechichi-bientot-a-rome-et-lamorgese-apres-l-aid-a-tunis\">Cliquez ici pour lire l&rsquo;article depuis sa source.<\/a><\/p>\n","protected":false},"excerpt":{"rendered":"<p>Trois grands rendez-vous tuniso-italiens significatifs sont pr\u00e9vus apr\u00e8s l\u2019A\u00efd d\u2019ici fin juin, \u00e0 Tunis, puis \u00e0 Rome. C\u2019est ainsi que le pr\u00e9sident Kais Sa\u00efed est attendu en visite officielle \u00e0 Rome \u00e0 l\u2019invitation de son homologue Sergio Mattarella. Outre sa proximit\u00e9 imm\u00e9diate de la Tunisie et son r\u00f4le actif au sein de l&rsquo;Union europ\u00e9enne, l&rsquo;Italie [&hellip;]<\/p>\n","protected":false},"author":1772,"featured_media":0,"comment_status":"closed","ping_status":"closed","sticky":false,"template":"","format":"standard","meta":{"fifu_image_url":"","fifu_image_alt":"","footnotes":""},"categories":[73,55],"tags":[],"class_list":["post-116220","post","type-post","status-publish","format-standard","hentry","category-actualite","category-tunisie"],"_links":{"self":[{"href":"https:\/\/linitiative.ca\/International\/wp-json\/wp\/v2\/posts\/116220","targetHints":{"allow":["GET"]}}],"collection":[{"href":"https:\/\/linitiative.ca\/International\/wp-json\/wp\/v2\/posts"}],"about":[{"href":"https:\/\/linitiative.ca\/International\/wp-json\/wp\/v2\/types\/post"}],"author":[{"embeddable":true,"href":"https:\/\/linitiative.ca\/International\/wp-json\/wp\/v2\/users\/1772"}],"replies":[{"embeddable":true,"href":"https:\/\/linitiative.ca\/International\/wp-json\/wp\/v2\/comments?post=116220"}],"version-history":[{"count":0,"href":"https:\/\/linitiative.ca\/International\/wp-json\/wp\/v2\/posts\/116220\/revisions"}],"wp:attachment":[{"href":"https:\/\/linitiative.ca\/International\/wp-json\/wp\/v2\/media?parent=116220"}],"wp:term":[{"taxonomy":"category","embeddable":true,"href":"https:\/\/linitiative.ca\/International\/wp-json\/wp\/v2\/categories?post=116220"},{"taxonomy":"post_tag","embeddable":true,"href":"https:\/\/linitiative.ca\/International\/wp-json\/wp\/v2\/tags?post=116220"}],"curies":[{"name":"wp","href":"https:\/\/api.w.org\/{rel}","templated":true}]}}