{"id":116221,"date":"2021-05-05T07:26:00","date_gmt":"2021-05-05T11:26:00","guid":{"rendered":"https:\/\/linitiative.ca\/International\/covid-19-tunisie-lhopital-de-circonstance-installe-a-la-cite-sportive-del-menzah-deja-sature\/"},"modified":"2021-05-05T07:26:00","modified_gmt":"2021-05-05T11:26:00","slug":"covid-19-tunisie-lhopital-de-circonstance-installe-a-la-cite-sportive-del-menzah-deja-sature","status":"publish","type":"post","link":"https:\/\/linitiative.ca\/International\/covid-19-tunisie-lhopital-de-circonstance-installe-a-la-cite-sportive-del-menzah-deja-sature\/","title":{"rendered":"Covid-19 &#8211; Tunisie:  L&rsquo;h\u00f4pital de circonstance install\u00e9 \u00e0 la Cit\u00e9 sportive d\u2019El Menzah d\u00e9j\u00e0 satur\u00e9 !"},"content":{"rendered":"<p>Les cent lits de l\u2019h\u00f4pital de circonstance install\u00e9 depuis septembre dernier \u00e0 la Cit\u00e9 sportive d\u2019El Menzah sont \u00e0 pr\u00e9sent tous occup\u00e9s.<\/p>\n<p>Qu\u2019il s\u2019agisse des 80 lits en zone oxyg\u00e8ne ou des 20 autres dans la zone de r\u00e9animation, ils sont tous rapidement arriv\u00e9s \u00e0 saturation, comme le confirme \u00e0 Leaders le chef du centre, Dr Zaher Mestiri. Son \u00e9quipe compte une centaine de personnes, dont une dizaine de m\u00e9decins permanents, soutenus par des r\u00e9sidents et d\u2019autres internes qui viennent leur pr\u00eater main-forte.<\/p>\n<p class=\"c2\"><img decoding=\"async\" src=\"\/uploads\/FCK_files\/Satur\u00e9-moy-1.jpg\" width=\"100%\" vspace=\"5\" hspace=\"5\" align=\"middle\" alt=\"\"\/><\/p>\n<p>Ce qui est admirable, soulignent des familles de patients, c\u2019est le d\u00e9vouement des soignants. Malgr\u00e9 les risques de contamination encourus, la pression subie et la vigilance continue, la bonne humeur et la disponibilit\u00e9 sont de mise&#8230; pour vaincre le stress et la fatigue.<\/p>\n<p class=\"c2\"><img decoding=\"async\" src=\"\/uploads\/FCK_files\/Satur\u00e9-moy-2.jpg\" width=\"100%\" vspace=\"5\" hspace=\"5\" align=\"middle\" alt=\"\"\/><\/p>\n<p class=\"c4\"><em><span class=\"c3\">Photos Mohamed Hammi<\/span><\/em><\/p>\n<p>Auteur:<br \/>\n<a href=\"https:\/\/www.leaders.com.tn\/article\/31829-covid-19-tunisie-circonstance-a-la-cite-sportive-d-el-menzah-est-sature\">Cliquez ici pour lire l&rsquo;article depuis sa source.<\/a><\/p>\n","protected":false},"excerpt":{"rendered":"<p>Les cent lits de l\u2019h\u00f4pital de circonstance install\u00e9 depuis septembre dernier \u00e0 la Cit\u00e9 sportive d\u2019El Menzah sont \u00e0 pr\u00e9sent tous occup\u00e9s. Qu\u2019il s\u2019agisse des 80 lits en zone oxyg\u00e8ne ou des 20 autres dans la zone de r\u00e9animation, ils sont tous rapidement arriv\u00e9s \u00e0 saturation, comme le confirme \u00e0 Leaders le chef du centre, [&hellip;]<\/p>\n","protected":false},"author":1772,"featured_media":0,"comment_status":"closed","ping_status":"closed","sticky":false,"template":"","format":"standard","meta":{"fifu_image_url":"\/uploads\/FCK_files\/Satur\u00e9-moy-1.jpg","fifu_image_alt":"<div>Covid-19 - Tunisie:  L'h\u00f4pital de circonstance install\u00e9 \u00e0 la Cit\u00e9 sportive d\u2019El Menzah d\u00e9j\u00e0 satur\u00e9 !<\/div>","footnotes":""},"categories":[73,55],"tags":[],"class_list":["post-116221","post","type-post","status-publish","format-standard","hentry","category-actualite","category-tunisie"],"_links":{"self":[{"href":"https:\/\/linitiative.ca\/International\/wp-json\/wp\/v2\/posts\/116221","targetHints":{"allow":["GET"]}}],"collection":[{"href":"https:\/\/linitiative.ca\/International\/wp-json\/wp\/v2\/posts"}],"about":[{"href":"https:\/\/linitiative.ca\/International\/wp-json\/wp\/v2\/types\/post"}],"author":[{"embeddable":true,"href":"https:\/\/linitiative.ca\/International\/wp-json\/wp\/v2\/users\/1772"}],"replies":[{"embeddable":true,"href":"https:\/\/linitiative.ca\/International\/wp-json\/wp\/v2\/comments?post=116221"}],"version-history":[{"count":0,"href":"https:\/\/linitiative.ca\/International\/wp-json\/wp\/v2\/posts\/116221\/revisions"}],"wp:attachment":[{"href":"https:\/\/linitiative.ca\/International\/wp-json\/wp\/v2\/media?parent=116221"}],"wp:term":[{"taxonomy":"category","embeddable":true,"href":"https:\/\/linitiative.ca\/International\/wp-json\/wp\/v2\/categories?post=116221"},{"taxonomy":"post_tag","embeddable":true,"href":"https:\/\/linitiative.ca\/International\/wp-json\/wp\/v2\/tags?post=116221"}],"curies":[{"name":"wp","href":"https:\/\/api.w.org\/{rel}","templated":true}]}}