{"id":116225,"date":"2021-05-05T06:00:00","date_gmt":"2021-05-05T10:00:00","guid":{"rendered":"https:\/\/linitiative.ca\/International\/crevettes-a-la-sauce-tomate-epicee\/"},"modified":"2021-05-05T06:00:00","modified_gmt":"2021-05-05T10:00:00","slug":"crevettes-a-la-sauce-tomate-epicee","status":"publish","type":"post","link":"https:\/\/linitiative.ca\/International\/crevettes-a-la-sauce-tomate-epicee\/","title":{"rendered":"Crevettes \u00e0 la sauce tomate \u00e9pic\u00e9e"},"content":{"rendered":"<p><em><strong>300g de crevettes non cuites,\u00a0 d\u00e9cortiqu\u00e9es, 4 gousses d\u2019ail hach\u00e9es, 1\/2 c. \u00e0 caf\u00e9\u00a0 de piment rouge, ou au go\u00fbt, 1\/2 c \u00e0 caf\u00e9 de cumin, 1\/2 c. \u00e0 caf\u00e9 de curry, 3\/4 c. \u00e0 caf\u00e9 sel de table, 1 cuill\u00e8re \u00e0 soupe d&rsquo;huile d&rsquo;olive extra-vierge, 4 tomates\u00a0 \u00a0\u00e9pluch\u00e9es et grossi\u00e8rement \u00e9cras\u00e9es, 1\/2 tasse de persil frais hach\u00e9<br \/>Faire chauffer 1 cuill\u00e8re \u00e0 caf\u00e9 d&rsquo;huile de dans une grande po\u00eale antiadh\u00e9sive \u00e0 feu moyen-vif. Ajouter les crevettes, 1 cuill\u00e8re \u00e0 caf\u00e9 d&rsquo;ail et 1\/4 c. \u00e0 c. de sel et faire revenir jusqu&rsquo;\u00e0 ce que les crevettes soient bien cuites, environ 2 \u00e0 3 minutes. Les retirer et les mettre de c\u00f4t\u00e9.<\/strong><\/em><br \/>Faire chauffer 1 cuill\u00e8re \u00e0 caf\u00e9 d&rsquo;huile de plus dans la m\u00eame po\u00eale \u00e0 feu doux. Ajouter l&rsquo;ail restant et le piment rouge, le cumin et cuire environ 30 secondes.<br \/>Ajouter les tomates et 1\/2 c. \u00e0 c. de sel dans la po\u00eale et porter \u00e0 \u00e9bullition \u00e0 feu moyen-doux, en grattant les sucs.\u00a0<br \/>Laisser mijoter jusqu&rsquo;\u00e0 ce que le m\u00e9lange \u00e9paississe l\u00e9g\u00e8rement, en remuant de temps en temps, environ 10 minutes.<br \/>Remettre les crevettes et les jus dans la po\u00eale. Faire chauffer. Incorporer le persil. Retirer du feu et ajouter le reste d&rsquo;huile d\u2019olive.<\/p>\n<p>Auteur:<br \/>\n<a href=\"https:\/\/www.lesoirdalgerie.com\/femme-magazine\/crevettes-a-la-sauce-tomate-epicee-60673\">Cliquez ici pour lire l&rsquo;article depuis sa source.<\/a><\/p>\n","protected":false},"excerpt":{"rendered":"<p>300g de crevettes non cuites,\u00a0 d\u00e9cortiqu\u00e9es, 4 gousses d\u2019ail hach\u00e9es, 1\/2 c. \u00e0 caf\u00e9\u00a0 de piment rouge, ou au go\u00fbt, 1\/2 c \u00e0 caf\u00e9 de cumin, 1\/2 c. \u00e0 caf\u00e9 de curry, 3\/4 c. \u00e0 caf\u00e9 sel de table, 1 cuill\u00e8re \u00e0 soupe d&rsquo;huile d&rsquo;olive extra-vierge, 4 tomates\u00a0 \u00a0\u00e9pluch\u00e9es et grossi\u00e8rement \u00e9cras\u00e9es, 1\/2 tasse de [&hellip;]<\/p>\n","protected":false},"author":1741,"featured_media":0,"comment_status":"closed","ping_status":"closed","sticky":false,"template":"","format":"standard","meta":{"fifu_image_url":"","fifu_image_alt":"","footnotes":""},"categories":[73,53],"tags":[],"class_list":["post-116225","post","type-post","status-publish","format-standard","hentry","category-actualite","category-algerie"],"_links":{"self":[{"href":"https:\/\/linitiative.ca\/International\/wp-json\/wp\/v2\/posts\/116225","targetHints":{"allow":["GET"]}}],"collection":[{"href":"https:\/\/linitiative.ca\/International\/wp-json\/wp\/v2\/posts"}],"about":[{"href":"https:\/\/linitiative.ca\/International\/wp-json\/wp\/v2\/types\/post"}],"author":[{"embeddable":true,"href":"https:\/\/linitiative.ca\/International\/wp-json\/wp\/v2\/users\/1741"}],"replies":[{"embeddable":true,"href":"https:\/\/linitiative.ca\/International\/wp-json\/wp\/v2\/comments?post=116225"}],"version-history":[{"count":0,"href":"https:\/\/linitiative.ca\/International\/wp-json\/wp\/v2\/posts\/116225\/revisions"}],"wp:attachment":[{"href":"https:\/\/linitiative.ca\/International\/wp-json\/wp\/v2\/media?parent=116225"}],"wp:term":[{"taxonomy":"category","embeddable":true,"href":"https:\/\/linitiative.ca\/International\/wp-json\/wp\/v2\/categories?post=116225"},{"taxonomy":"post_tag","embeddable":true,"href":"https:\/\/linitiative.ca\/International\/wp-json\/wp\/v2\/tags?post=116225"}],"curies":[{"name":"wp","href":"https:\/\/api.w.org\/{rel}","templated":true}]}}