{"id":116228,"date":"2021-05-05T08:43:06","date_gmt":"2021-05-05T12:43:06","guid":{"rendered":"https:\/\/linitiative.ca\/International\/youssef-amrani-ambassadeur-du-maroc-en-afrique-du-sud-la-formation-est-la-passerelle-prioritaire-et-la-voie-privilegiee-dune-diplomatie-qui-souhaite-gagner-en-competence-et-en-effi\/"},"modified":"2021-05-05T08:43:06","modified_gmt":"2021-05-05T12:43:06","slug":"youssef-amrani-ambassadeur-du-maroc-en-afrique-du-sud-la-formation-est-la-passerelle-prioritaire-et-la-voie-privilegiee-dune-diplomatie-qui-souhaite-gagner-en-competence-et-en-effi","status":"publish","type":"post","link":"https:\/\/linitiative.ca\/International\/youssef-amrani-ambassadeur-du-maroc-en-afrique-du-sud-la-formation-est-la-passerelle-prioritaire-et-la-voie-privilegiee-dune-diplomatie-qui-souhaite-gagner-en-competence-et-en-effi\/","title":{"rendered":"Youssef Amrani, Ambassadeur du Maroc en Afrique du Sud : \u00abla formation est  la passerelle prioritaire et la voie privil\u00e9gi\u00e9e  d\u2019une diplomatie qui souhaite gagner en comp\u00e9tence et en efficience\u00bb"},"content":{"rendered":"<p><strong>L\u2019Ambassadeur du Maroc en Afrique du Sud, Youssef Amrani, \u00e9tait l\u2019un des pan\u00e9listes de l\u2019\u00e9mission-d\u00e9bat phare de la cha\u00eene Al Jazeera \u00a0\u00ab\u00a0Inside Story\u00a0\u00bb, organis\u00e9e mardi. Plac\u00e9e sous la th\u00e9matique de \u00ab\u00a0la diplomatie digitale est-elle une alternative d\u2019 avenir\u00a0?\u00bb, cette \u00e9mission a \u00e9t\u00e9 l\u2019occasion pour le diplomate marocain d\u2019analyser la conjoncture actuelle marqu\u00e9e par la crise sanitaire et d\u2019\u00e9voquer la perspective marocaine d\u2019une diplomatie post-covid reconfigur\u00e9e.<\/strong><\/p>\n<div class=\"c10\">\n<\/div>\n<p>Aux c\u00f4t\u00e9s d\u2019autres \u00e9minents pan\u00e9listes tels que Tom Fletcher, le Directeur du Hertford Coll\u00e8ge Oxford, Conseiller de Trois Premier Ministre Britannique, de Theresa Fallon, la Pr\u00e9sidente du Centre d\u2019\u00e9tudes sur la Russie, l\u2019Europe et l\u2019Asie, Youssef Amrani a notamment expliqu\u00e9 ce qu\u2019il a qualifi\u00e9 \u00ab\u00a0d\u2019un paradigme changeant dans l\u2019exercice d\u2019une action Diplomatie qui ne saurait faire l\u2019\u00e9conomie d\u2019une n\u00e9cessaire adaptation dans ses d\u00e9marches comme dans ses outils de travail\u00a0\u00bb. Il a fait remarquer que la pand\u00e9mie mondiale de la Covid-19 a impos\u00e9 une nouvelle r\u00e9alit\u00e9 dans les relations et l\u2019interaction\u00a0 internationales, et que par cons\u00e9quent, le diplomate a \u00e9t\u00e9 confront\u00e9 \u00e0 un exercice de remise en question structurel et profond sur la fa\u00e7on m\u00eame, dont il con\u00e7oit la pratique de son m\u00e9tier et plus globalement les sch\u00e9mas de coop\u00e9ration d\u2019une diplomatie qui ne peut se permettre d\u2019avancer \u00e0 reculons.<\/p>\n<p><strong>Lire aussi| <a href=\"https:\/\/www.challenge.ma\/hotellerie-lisraelien-fattal-lorgne-le-maroc-183601\/\">H\u00f4tellerie : l\u2019Isra\u00e9lien Fattal lorgne le Maroc<\/a><\/strong><\/p>\n<p>\u00ab\u00a0La principale cons\u00e9quence du virus est celle d\u2019avoir \u00a0mis en \u00e9vidence la n\u00e9cessit\u00e9 de garantir et renforcer la r\u00e9silience d\u2019un ordre international fond\u00e9 sur des r\u00e8gles, des principes et des coh\u00e9rences organis\u00e9es. Le combat contre la pand\u00e9mie rel\u00e8ve \u00e9minemment de la responsabilit\u00e9 d\u2019une diplomatie internationale, plus que jamais, appel\u00e9e \u00e0 investir l\u2019ensemble des leviers en sa disposition pour assurer la continuit\u00e9 du dialogue, de l\u2019\u00e9change et donc d\u2019une d\u00e9cision internationale concert\u00e9e et en phase avec les enjeux\u00a0\u00a0 d\u2019aujourd\u2019hui et de demain\u00a0\u00bb, a soulign\u00e9 le diplomate marocain. Dans ce sens, \u00a0l\u2019Ambassadeur a lou\u00e9 les m\u00e9rites d\u2019une diplomatie digitale qui a permis, dans une certaine mesure \u00ab\u00a0de contourner\u00a0\u00bb les restrictions sanitaires d\u2019un virus qui a drastiquement limit\u00e9 les possibilit\u00e9s d\u2019interactions humaines, pourtant tellement fondamentales dans l\u2019exercice d\u2019une diplomatie d\u2019action. Youssef Amrani a \u00e9t\u00e9 toutefois tr\u00e8s nuanc\u00e9 dans ses appr\u00e9ciations en reconnaissaient l\u2019apport ind\u00e9niable des nouvelles technologies de communication sans omettre d\u2019ajouter \u00ab que la diplomatie, c\u2019est d\u2019abord et avant tout le contact, le verbe et la confiance qui ne se retrouvent qu\u2019autour d\u2019une table de n\u00e9gociation o\u00f9 l\u2019humain, le diplomate interagit avec tous ses sens pour convaincre, influencer et d\u00e9battre.<\/p>\n<p>\u00ab Rien ne remplace le contact direct, les salles de r\u00e9unions de New York, Addis, Vienne ou Gen\u00e8ve o\u00f9 l\u2019on peut \u00e0 travers la n\u00e9gociation trouver le meilleur compromis possible. Le num\u00e9rique ne peut remplacer l\u2019humain. Il doit \u00eatre un vecteur de rapprochement pas de remplacement\u00a0\u00bb, a-t-il insist\u00e9. Se pr\u00e9valant de l\u2019exemple des n\u00e9gociations inter-libyennes men\u00e9es \u00e0 Skhriat par l\u2019envoy\u00e9 personnel de l\u2019ONU Bernardino Leon, Youssef Amrani a mis en exergue les limites du num\u00e9rique arguant que ces r\u00e9unions n\u2019auraient pas pu aboutir ou m\u00eame se tenir virtuellement au vu de la complexit\u00e9 de la n\u00e9gociation, de la sensibilit\u00e9 des th\u00e9matiques trait\u00e9es et de la fragilit\u00e9 de la confiance existante entre les parties au conflit.<\/p>\n<p>\u00ab\u00a0Aujourd\u2019hui l\u2019acc\u00e9l\u00e9ration du monde fait qu\u2019il faut aller vite, penser vite et communiquer dans l\u2019instant. Le risque est de perdre le fil trop rapidement. La diplomatie c\u2019est le temps long. Le num\u00e9rique ne doit pas \u00eatre un instrument de superficialit\u00e9 qui privil\u00e9gie l\u2019instantan\u00e9 sur le futur. Il faut utiliser le num\u00e9rique mais avec maitrise et pr\u00e9caution, sinon on risque de perdre en profondeur en cherchant \u00e0 gagner en efficacit\u00e9\u00a0\u00bb, a fait remarquer le diplomate. \u00ab\u00a0La gestion de ce risque va de pair avec la maitrise de ce nouvel espace digital qui, s\u2019il ne peut remplacer les formes plus classiques de diplomatie, constitue toutefois un terrain privil\u00e9gi\u00e9 qui permet au diplomate de sortir des carcans et des sentiers battus pour s\u2019ouvrir au monde ext\u00e9rieur. Face \u00e0 un spectre \u00e9largi d\u2019acteurs de la soci\u00e9t\u00e9 internationale, le diplomate doit s\u2019imposer comme, un pivot et un interlocuteur qui transmet l\u2019information, n\u00e9gocie et influe la d\u00e9cision\u00a0\u00bb, a-t-il ajout\u00e9.<\/p>\n<p><strong>Lire aussi| <a href=\"https:\/\/www.challenge.ma\/dakhla-la-liste-des-nouveaux-projets-touristiques-sallonge-183350\/\">Dakhla : la liste des nouveaux projets touristiques s\u2019allonge<\/a><\/strong><\/p>\n<p>Youssef Amrani a poursuivi dans ce sens soulignant que le Minist\u00e8re des affaires \u00e9trang\u00e8res marocain est d\u2019ores et d\u00e9j\u00e0 dans une d\u00e9marche d\u2019anticipation formant ses jeunes diplomates \u00e0 la maitrise et \u00e0 la compr\u00e9hension de ce nouvel espace de l\u2019action diplomatique. \u00ab\u00a0La formation est\u00a0 la passerelle prioritaire et la voie privil\u00e9gi\u00e9e\u00a0 d\u2019une diplomatie qui souhaite gagner en comp\u00e9tence et en efficience. Le fonctionnement de la diplomatie refl\u00e8te le fonctionnent du monde. Nos soci\u00e9t\u00e9s sont de plus en plus connect\u00e9es, elles sont de plus en plus inform\u00e9es et de plus en plus rapides dans leurs d\u00e9marches et leurs actions. La diplomatie et le diplomate doivent s\u2019adapter \u00e0 cette nouvelle configuration. L\u2019exigence est de ne pas enregistrer de retard dans cette transformation digitale de l\u2019action diplomatique que tout le monde sait in\u00e9luctable\u00a0\u00bb, a pr\u00e9cis\u00e9 Youssef Amrani, ajoutant que les pays qui sont aujourd\u2019hui dans l\u2019anticipation seront vraisemblablement ceux qui donneront demain les tempos de l\u2019action diplomatique.<\/p>\n<p>L\u2019Ambassadeur a aussi poursuivi en faisant observer qu\u2019 \u00e0 la lumi\u00e8re d\u2019une perspective africaine, le Continent africain a \u00e9t\u00e9 \u00e0 l\u2019avant-garde de cette diplomatie, qui s\u2019organise autour des valeurs cardinales que sont le partage et la solidarit\u00e9. \u00ab\u00a0Toutefois, la diplomatie virtuelle \u00e0 l\u2019\u00e9chelle continentale ne doit pas \u00eatre pr\u00e9texte \u00e0 l\u2019instrumentalisation politique comme, il a malheureusement parfois \u00e9t\u00e9 observ\u00e9 lors de r\u00e9centes r\u00e9unions de l\u2019UA, ou l\u2019outil informatique n\u2019a pas \u00e9t\u00e9 maitris\u00e9 et a \u00e9t\u00e9 utilis\u00e9 pour contourner les proc\u00e9dures et les r\u00e9glementations. Il faut de la coh\u00e9rence de l\u2019engagement et de la r\u00e9gularit\u00e9\u00a0\u00bb, a conclu Youssef Amrani.<\/p>\n<p>Auteur: challenge<br \/>\n<a href=\"https:\/\/www.challenge.ma\/youssef-amrani-ambassadeur-du-maroc-en-afrique-du-sud-la-formation-est-la-passerelle-prioritaire-et-la-voie-privilegiee-dune-diplomatie-qui-souhaite-gagner-en-competence-et-en-ef-183598\/\">Cliquez ici pour lire l&rsquo;article depuis sa source.<\/a><\/p>\n","protected":false},"excerpt":{"rendered":"<p>L\u2019Ambassadeur du Maroc en Afrique du Sud, Youssef Amrani, \u00e9tait l\u2019un des pan\u00e9listes de l\u2019\u00e9mission-d\u00e9bat phare de la cha\u00eene Al Jazeera \u00a0\u00ab\u00a0Inside Story\u00a0\u00bb, organis\u00e9e mardi. Plac\u00e9e sous la th\u00e9matique de \u00ab\u00a0la diplomatie digitale est-elle une alternative d\u2019 avenir\u00a0?\u00bb, cette \u00e9mission a \u00e9t\u00e9 l\u2019occasion pour le diplomate marocain d\u2019analyser la conjoncture actuelle marqu\u00e9e par la crise [&hellip;]<\/p>\n","protected":false},"author":1787,"featured_media":0,"comment_status":"closed","ping_status":"closed","sticky":false,"template":"","format":"standard","meta":{"fifu_image_url":"","fifu_image_alt":"","footnotes":""},"categories":[78,54],"tags":[],"class_list":["post-116228","post","type-post","status-publish","format-standard","hentry","category-economie","category-maroc"],"_links":{"self":[{"href":"https:\/\/linitiative.ca\/International\/wp-json\/wp\/v2\/posts\/116228","targetHints":{"allow":["GET"]}}],"collection":[{"href":"https:\/\/linitiative.ca\/International\/wp-json\/wp\/v2\/posts"}],"about":[{"href":"https:\/\/linitiative.ca\/International\/wp-json\/wp\/v2\/types\/post"}],"author":[{"embeddable":true,"href":"https:\/\/linitiative.ca\/International\/wp-json\/wp\/v2\/users\/1787"}],"replies":[{"embeddable":true,"href":"https:\/\/linitiative.ca\/International\/wp-json\/wp\/v2\/comments?post=116228"}],"version-history":[{"count":0,"href":"https:\/\/linitiative.ca\/International\/wp-json\/wp\/v2\/posts\/116228\/revisions"}],"wp:attachment":[{"href":"https:\/\/linitiative.ca\/International\/wp-json\/wp\/v2\/media?parent=116228"}],"wp:term":[{"taxonomy":"category","embeddable":true,"href":"https:\/\/linitiative.ca\/International\/wp-json\/wp\/v2\/categories?post=116228"},{"taxonomy":"post_tag","embeddable":true,"href":"https:\/\/linitiative.ca\/International\/wp-json\/wp\/v2\/tags?post=116228"}],"curies":[{"name":"wp","href":"https:\/\/api.w.org\/{rel}","templated":true}]}}