{"id":116229,"date":"2021-05-05T09:47:20","date_gmt":"2021-05-05T13:47:20","guid":{"rendered":"https:\/\/linitiative.ca\/International\/renault-maroc-nabil-touzani-endosse-la-fonction-de-secretaire-general-du-groupe\/"},"modified":"2021-05-05T09:47:20","modified_gmt":"2021-05-05T13:47:20","slug":"renault-maroc-nabil-touzani-endosse-la-fonction-de-secretaire-general-du-groupe","status":"publish","type":"post","link":"https:\/\/linitiative.ca\/International\/renault-maroc-nabil-touzani-endosse-la-fonction-de-secretaire-general-du-groupe\/","title":{"rendered":"Renault Maroc : Nabil Touzani endosse la fonction de Secr\u00e9taire g\u00e9n\u00e9ral du Groupe"},"content":{"rendered":"<p><strong>Renault Maroc vient fra\u00eechement d\u2019annoncer la nomination de Nabil Touzani au poste de Secr\u00e9taire g\u00e9n\u00e9ral du Groupe. Il est d\u00e9sormais rattach\u00e9 hi\u00e9rarchiquement \u00e0 Marc Nassif, patron du Groupe de la firme au losange dans le Royaume.<\/strong><\/p>\n<div class=\"c10\">\n<\/div>\n<p>Ing\u00e9nieur d\u2019Etat de 49 ans, sp\u00e9cialis\u00e9 en t\u00e9l\u00e9communications, l\u2019homme peut se pr\u00e9valoir d\u2019un parcours professionnel riche et vari\u00e9. En effet, il a rejoint la Marine Royale en 1990 et a pu acqu\u00e9rir une solide exp\u00e9rience de 25 ans au service de son pays, marqu\u00e9s par de multiples fonctions et autres \u00e9volutions de carri\u00e8re.<\/p>\n<p><strong>Lire aussi | <a href=\"https:\/\/www.challenge.ma\/hotellerie-lisraelien-fattal-lorgne-le-maroc-183601\/\">H\u00f4tellerie : l\u2019Isra\u00e9lien Fattal lorgne le Maroc<\/a><\/strong><\/p>\n<p>Titulaire d\u2019un MBA en gestion des affaires, Nabil Touzani a assur\u00e9 parall\u00e8lement le poste de coordinateur g\u00e9n\u00e9ral d\u2019un grand Festival pendant huit \u00e9ditions. Il rejoint le Groupe Renault en 2015 en tant que directeur des Affaires Publiques, du Juridique et de la S\u00e9curit\u00e9. En mars 2016, le Groupe lui confit \u00e9galement le management de la direction de la communication et RSE. En avril 2017, il est d\u00e9sign\u00e9, en plus de ses fonctions, Coordinateur de la s\u00e9curit\u00e9 Maroc pour l\u2019Alliance Renault-Nissan-Mitsubishi. L\u2019ann\u00e9e 2018 a \u00e9t\u00e9 marqu\u00e9e par la cr\u00e9ation de la Fondation Renault Maroc o\u00f9 Nabil Touzani occupe le poste de Secr\u00e9taire g\u00e9n\u00e9ral. Depuis avril dernier, il est nomm\u00e9 Secr\u00e9taire G\u00e9n\u00e9ral du Groupe Renault au Maroc.<\/p>\n<p><strong>Lire aussi |<\/strong> <strong><a href=\"https:\/\/www.challenge.ma\/dakhla-la-liste-des-nouveaux-projets-touristiques-sallonge-183350\/\">Dakhla : la liste des nouveaux projets touristiques s\u2019allonge<\/a><\/strong><\/p>\n<p>Auteur: challenge<br \/>\n<a href=\"https:\/\/www.challenge.ma\/renault-maroc-nabil-touzani-endosse-la-fonction-de-secretaire-general-du-groupe-183632\/\">Cliquez ici pour lire l&rsquo;article depuis sa source.<\/a><\/p>\n","protected":false},"excerpt":{"rendered":"<p>Renault Maroc vient fra\u00eechement d\u2019annoncer la nomination de Nabil Touzani au poste de Secr\u00e9taire g\u00e9n\u00e9ral du Groupe. Il est d\u00e9sormais rattach\u00e9 hi\u00e9rarchiquement \u00e0 Marc Nassif, patron du Groupe de la firme au losange dans le Royaume. Ing\u00e9nieur d\u2019Etat de 49 ans, sp\u00e9cialis\u00e9 en t\u00e9l\u00e9communications, l\u2019homme peut se pr\u00e9valoir d\u2019un parcours professionnel riche et vari\u00e9. En [&hellip;]<\/p>\n","protected":false},"author":1787,"featured_media":0,"comment_status":"closed","ping_status":"closed","sticky":false,"template":"","format":"standard","meta":{"fifu_image_url":"","fifu_image_alt":"","footnotes":""},"categories":[78,54],"tags":[],"class_list":["post-116229","post","type-post","status-publish","format-standard","hentry","category-economie","category-maroc"],"_links":{"self":[{"href":"https:\/\/linitiative.ca\/International\/wp-json\/wp\/v2\/posts\/116229","targetHints":{"allow":["GET"]}}],"collection":[{"href":"https:\/\/linitiative.ca\/International\/wp-json\/wp\/v2\/posts"}],"about":[{"href":"https:\/\/linitiative.ca\/International\/wp-json\/wp\/v2\/types\/post"}],"author":[{"embeddable":true,"href":"https:\/\/linitiative.ca\/International\/wp-json\/wp\/v2\/users\/1787"}],"replies":[{"embeddable":true,"href":"https:\/\/linitiative.ca\/International\/wp-json\/wp\/v2\/comments?post=116229"}],"version-history":[{"count":0,"href":"https:\/\/linitiative.ca\/International\/wp-json\/wp\/v2\/posts\/116229\/revisions"}],"wp:attachment":[{"href":"https:\/\/linitiative.ca\/International\/wp-json\/wp\/v2\/media?parent=116229"}],"wp:term":[{"taxonomy":"category","embeddable":true,"href":"https:\/\/linitiative.ca\/International\/wp-json\/wp\/v2\/categories?post=116229"},{"taxonomy":"post_tag","embeddable":true,"href":"https:\/\/linitiative.ca\/International\/wp-json\/wp\/v2\/tags?post=116229"}],"curies":[{"name":"wp","href":"https:\/\/api.w.org\/{rel}","templated":true}]}}