{"id":116232,"date":"2021-05-05T16:15:51","date_gmt":"2021-05-05T20:15:51","guid":{"rendered":"https:\/\/linitiative.ca\/International\/tunisie-le-president-kais-saied-recoit-le-ministre-des-affaires-etrangeres-du-koweit\/"},"modified":"2021-05-05T16:15:51","modified_gmt":"2021-05-05T20:15:51","slug":"tunisie-le-president-kais-saied-recoit-le-ministre-des-affaires-etrangeres-du-koweit","status":"publish","type":"post","link":"https:\/\/linitiative.ca\/International\/tunisie-le-president-kais-saied-recoit-le-ministre-des-affaires-etrangeres-du-koweit\/","title":{"rendered":"Tunisie : Le pr\u00e9sident Kais Saied re\u00e7oit le ministre des Affaires Etrang\u00e8res du Kowe\u00eft"},"content":{"rendered":"<div class=\"post-cont-in left relative\">\n<div id=\"post-info-wrap\" class=\"left relative post-info-out\">\n<div class=\"post-info-img left relative\"><img decoding=\"async\" alt=\"\" src=\"https:\/\/secure.gravatar.com\/avatar\/ea481d7287ad38ca1787f44b5bb1b70e?s=50&amp;d=mm&amp;r=g\" srcset=\"https:\/\/secure.gravatar.com\/avatar\/ea481d7287ad38ca1787f44b5bb1b70e?s=100&amp;d=mm&amp;r=g 2x\" class=\"avatar avatar-50 photo\" height=\"50\" width=\"50\" loading=\"lazy\"\/><\/div>\n<div class=\"post-info-in\">\n<div class=\"post-info-right left relative post-info-name left relative\"><span><span class=\"post-info-text\">Par<\/span> <span class=\"author-name vcard fn author\"><a href=\"https:\/\/www.tunisienumerique.com\/author\/rania-ben-slimane\/\" title=\"Articles par rania ben slimane\" rel=\"author\">rania ben slimane<\/a><\/span><\/span> <span class=\"post-date updated\"><time class=\"post-date updated\" datetime=\"2021-05-05\">\u00a0| Il y a 35 minutes<\/time><\/span><br \/>\n<meta itemprop=\"dateModified\" content=\"2021-05-05\"\/><\/div>\n<div class=\"left relative\"><button id=\"listenButton1\" class=\"responsivevoice-button\" type=\"button\" value=\"Play\" title=\"\u00c9coutez l'article\"><span>\ud83d\udd0a \u00c9coutez l&rsquo;article<\/span><\/button>\n<\/div>\n<\/div>\n<\/div>\n<p>Le pr\u00e9sident de la R\u00e9publique, Ka\u00efs Sa\u00efed a re\u00e7u ce mercredi 5 mai 2021, le ministre des Affaires \u00e9trang\u00e8res du Kowe\u00eft, Nasser Al-Mohammed Al-Ahmed Al-Jaber al-Sabah, au palais pr\u00e9sidentiel de Carthage.<\/p>\n<div class=\"code-block code-block-1 c4\">\n <ins class=\"adsbygoogle c3\" data-ad-layout=\"in-article\" data-ad-format=\"fluid\" data-ad-client=\"ca-pub-2102118777505746\" data-ad-slot=\"7301775417\"\/>\n<\/div>\n<p>Le ministre a transmis au pr\u00e9sident Sa\u00efed une lettre de la part de l\u2019\u00e9mir du Kowe\u00eft, Nawaf al-Ahmad al-Jaber al-Sabah qui a invit\u00e9 le pr\u00e9sident tunisien \u00e0 se rendre dans son pays.<\/p>\n<p>Le chef de l\u2019Etat a r\u00e9agi favorablement \u00e0 cette invitation, affirmant l\u2019aspiration de la Tunisie \u00e0 renforcer ses relations historiques avec le Kowe\u00eft et sa volont\u00e9 d\u2019acc\u00e9l\u00e9rer la coop\u00e9ration.<\/p>\n<p>Au cours de la rencontre, le Chef de l\u2019Etat a fait part de sa satisfaction au niveau des relations fraternelles fortes et fermes qui lient la Tunisie et le Kowe\u00eft, affirmant les r\u00e9elles chances qui s\u2019offrent aux deux nations et des perspectives prometteuses d\u2019investissement, de coop\u00e9ration et de partenariat dans diff\u00e9rents domaines et selon de nouvelles approches.<\/p>\n<p>Le Pr\u00e9sident de la R\u00e9publique a en outre mis l\u2019accent sur les valeurs et principes communs que la Tunisie et le Kowe\u00eft partagent dans le traitement des questions r\u00e9gionales et internationales et la ferme volont\u00e9 de continuer \u00e0 jouer leur r\u00f4le pour surmonter les obstacles dans la r\u00e9gion et r\u00e9aliser ce \u00e0 quoi les peuples arabes aspirent en termes de s\u00e9curit\u00e9, de stabilit\u00e9 et de d\u00e9veloppement.<\/p>\n<div class=\"swp_social_panel swp_horizontal_panel swp_flat_fresh swp_default_full_color swp_individual_full_color swp_other_full_color scale-100 scale-\" data-min-width=\"1100\" data-float-color=\"#ffffff\" data-float=\"bottom\" data-float-mobile=\"bottom\" data-transition=\"slide\">\n<div class=\"nc_tweetContainer swp_share_button total_shares total_sharesalt\"><span class=\"swp_count\">1 <span class=\"swp_label\">Partages<\/span><\/span><\/div>\n<\/div>\n<p><strong>Que se passe-t-il en Tunisie?<\/strong><br \/>Nous expliquons sur notre <a href=\"https:\/\/www.youtube.com\/channel\/UCRzypVq0B_yBad5eGrwBx0Q?sub_confirmation=1\" target=\"_blank\" rel=\"noopener\">cha\u00eene YouTube<\/a> . <a href=\"https:\/\/www.youtube.com\/channel\/UCRzypVq0B_yBad5eGrwBx0Q?sub_confirmation=1\" target=\"_blank\" rel=\"noopener\">Abonnez-vous!<\/a><\/p>\n<div class=\"mvp-org-wrap\" itemprop=\"publisher\">\n<div class=\"mvp-org-logo\" itemprop=\"logo\"><img decoding=\"async\" src=\"https:\/\/www.tunisienumerique.com\/wp-content\/uploads\/2017\/02\/logo_tunisie_numerique.png\"\/><br \/>\n<meta itemprop=\"url\" content=\"https:\/\/www.tunisienumerique.com\/wp-content\/uploads\/2017\/02\/logo_tunisie_numerique.png\"\/><\/div>\n<p><meta content=\"Tunisie\"\/><\/div>\n<div class=\"mvp-related-posts left relative\">\n<h4 class=\"post-header\"><span class=\"post-header\">Lire aussi<\/span><\/h4>\n<\/div>\n<div id=\"article-ad\">\n <ins class=\"adsbygoogle c5\" data-ad-client=\"ca-pub-2102118777505746\" data-ad-slot=\"6513972734\" data-ad-format=\"auto\" data-full-width-responsive=\"true\"\/>\n<\/div>\n<\/div>\n<div id=\"post-sidebar-wrap\">\n <ins class=\"adsbygoogle c5\" data-ad-client=\"ca-pub-2102118777505746\" data-ad-slot=\"6168283410\" data-ad-format=\"auto\" data-full-width-responsive=\"true\"\/>\n<\/div>\n<p>Auteur: rania ben slimane<br \/>\n<a href=\"https:\/\/www.tunisienumerique.com\/tunisie-le-president-kais-saied-recoit-le-ministre-des-affaires-etrangeres-du-koweit\/\">Cliquez ici pour lire l&rsquo;article depuis sa source.<\/a><\/p>\n","protected":false},"excerpt":{"rendered":"<p>Par rania ben slimane \u00a0| Il y a 35 minutes \ud83d\udd0a \u00c9coutez l&rsquo;article Le pr\u00e9sident de la R\u00e9publique, Ka\u00efs Sa\u00efed a re\u00e7u ce mercredi 5 mai 2021, le ministre des Affaires \u00e9trang\u00e8res du Kowe\u00eft, Nasser Al-Mohammed Al-Ahmed Al-Jaber al-Sabah, au palais pr\u00e9sidentiel de Carthage. Le ministre a transmis au pr\u00e9sident Sa\u00efed une lettre de la [&hellip;]<\/p>\n","protected":false},"author":1789,"featured_media":0,"comment_status":"closed","ping_status":"closed","sticky":false,"template":"","format":"standard","meta":{"fifu_image_url":"https:\/\/secure.gravatar.com\/avatar\/ea481d7287ad38ca1787f44b5bb1b70e?s=50&d=mm&r=g","fifu_image_alt":"Tunisie : Le pr\u00e9sident Kais Saied re\u00e7oit le ministre des Affaires Etrang\u00e8res du Kowe\u00eft","footnotes":""},"categories":[73,55],"tags":[],"class_list":["post-116232","post","type-post","status-publish","format-standard","hentry","category-actualite","category-tunisie"],"_links":{"self":[{"href":"https:\/\/linitiative.ca\/International\/wp-json\/wp\/v2\/posts\/116232","targetHints":{"allow":["GET"]}}],"collection":[{"href":"https:\/\/linitiative.ca\/International\/wp-json\/wp\/v2\/posts"}],"about":[{"href":"https:\/\/linitiative.ca\/International\/wp-json\/wp\/v2\/types\/post"}],"author":[{"embeddable":true,"href":"https:\/\/linitiative.ca\/International\/wp-json\/wp\/v2\/users\/1789"}],"replies":[{"embeddable":true,"href":"https:\/\/linitiative.ca\/International\/wp-json\/wp\/v2\/comments?post=116232"}],"version-history":[{"count":0,"href":"https:\/\/linitiative.ca\/International\/wp-json\/wp\/v2\/posts\/116232\/revisions"}],"wp:attachment":[{"href":"https:\/\/linitiative.ca\/International\/wp-json\/wp\/v2\/media?parent=116232"}],"wp:term":[{"taxonomy":"category","embeddable":true,"href":"https:\/\/linitiative.ca\/International\/wp-json\/wp\/v2\/categories?post=116232"},{"taxonomy":"post_tag","embeddable":true,"href":"https:\/\/linitiative.ca\/International\/wp-json\/wp\/v2\/tags?post=116232"}],"curies":[{"name":"wp","href":"https:\/\/api.w.org\/{rel}","templated":true}]}}