{"id":116233,"date":"2021-05-05T16:17:23","date_gmt":"2021-05-05T20:17:23","guid":{"rendered":"https:\/\/linitiative.ca\/International\/tunisie-ministere-de-lagriculture-avis-aux-citoyens-concernant-les-fluctuations-meteorologiques-prevues\/"},"modified":"2021-05-05T16:17:23","modified_gmt":"2021-05-05T20:17:23","slug":"tunisie-ministere-de-lagriculture-avis-aux-citoyens-concernant-les-fluctuations-meteorologiques-prevues","status":"publish","type":"post","link":"https:\/\/linitiative.ca\/International\/tunisie-ministere-de-lagriculture-avis-aux-citoyens-concernant-les-fluctuations-meteorologiques-prevues\/","title":{"rendered":"Tunisie-Minist\u00e8re de l\u2019Agriculture: Avis aux citoyens concernant les fluctuations m\u00e9t\u00e9orologiques pr\u00e9vues"},"content":{"rendered":"<div class=\"post-cont-in left relative\">\n<div id=\"post-info-wrap\" class=\"left relative post-info-out\">\n<div class=\"post-info-img left relative\"><img decoding=\"async\" alt=\"\" src=\"https:\/\/secure.gravatar.com\/avatar\/e2104f4ee714373669b2ec262b153d36?s=50&amp;d=mm&amp;r=g\" srcset=\"https:\/\/secure.gravatar.com\/avatar\/e2104f4ee714373669b2ec262b153d36?s=100&amp;d=mm&amp;r=g 2x\" class=\"avatar avatar-50 photo\" height=\"50\" width=\"50\" loading=\"lazy\"\/><\/div>\n<div class=\"post-info-in\">\n<div class=\"post-info-right left relative post-info-name left relative\"><span><span class=\"post-info-text\">Par<\/span> <span class=\"author-name vcard fn author\"><a href=\"https:\/\/www.tunisienumerique.com\/author\/chahrazed-chamsi\/\" title=\"Articles par chahrazed chamsi\" rel=\"author\">chahrazed chamsi<\/a><\/span><\/span> <span class=\"post-date updated\"><time class=\"post-date updated\" datetime=\"2021-05-05\">\u00a0| Il y a 34 minutes<\/time><\/span><br \/>\n<meta itemprop=\"dateModified\" content=\"2021-05-05\"\/><\/div>\n<div class=\"left relative\"><button id=\"listenButton1\" class=\"responsivevoice-button\" type=\"button\" value=\"Play\" title=\"\u00c9coutez l'article\"><span>\ud83d\udd0a \u00c9coutez l&rsquo;article<\/span><\/button>\n<\/div>\n<\/div>\n<\/div>\n<p>Le minist\u00e8re de l\u2019Agriculture a appel\u00e9 les citoyens \u00e0 ne pas s\u2019approcher des points d\u2019eau et les marins \u00e0 ne pas prendre de risques et de naviguer soulignant la n\u00e9cessit\u00e9 de prendre toutes les mesures n\u00e9cessaires et d\u2019attacher les bateaux au quai.<\/p>\n<div class=\"code-block code-block-1 c4\">\n <ins class=\"adsbygoogle c3\" data-ad-layout=\"in-article\" data-ad-format=\"fluid\" data-ad-client=\"ca-pub-2102118777505746\" data-ad-slot=\"7301775417\"\/>\n<\/div>\n<p>Cet appel pr\u00e9vient les citoyens concernant les pr\u00e9visions m\u00e9t\u00e9orologiques qui seront enregistr\u00e9es dans les prochaines heures.<\/p>\n<p>Selon l\u2019institut national de la m\u00e9t\u00e9orologie, le temps sera nuageux avec des pluies sporadiques, temporairement orageuses et parfois intenses dans la majorit\u00e9 des r\u00e9gions.<\/p>\n<div class=\"swp_social_panel swp_horizontal_panel swp_flat_fresh swp_default_full_color swp_individual_full_color swp_other_full_color scale-100 scale-\" data-min-width=\"1100\" data-float-color=\"#ffffff\" data-float=\"bottom\" data-float-mobile=\"bottom\" data-transition=\"slide\">\n<div class=\"nc_tweetContainer swp_share_button total_shares total_sharesalt\"><span class=\"swp_count\">6 <span class=\"swp_label\">Partages<\/span><\/span><\/div>\n<\/div>\n<p><strong>Que se passe-t-il en Tunisie?<\/strong><br \/>Nous expliquons sur notre <a href=\"https:\/\/www.youtube.com\/channel\/UCRzypVq0B_yBad5eGrwBx0Q?sub_confirmation=1\" target=\"_blank\" rel=\"noopener\">cha\u00eene YouTube<\/a> . <a href=\"https:\/\/www.youtube.com\/channel\/UCRzypVq0B_yBad5eGrwBx0Q?sub_confirmation=1\" target=\"_blank\" rel=\"noopener\">Abonnez-vous!<\/a><\/p>\n<div class=\"mvp-org-wrap\" itemprop=\"publisher\">\n<div class=\"mvp-org-logo\" itemprop=\"logo\"><img decoding=\"async\" src=\"https:\/\/www.tunisienumerique.com\/wp-content\/uploads\/2017\/02\/logo_tunisie_numerique.png\"\/><br \/>\n<meta itemprop=\"url\" content=\"https:\/\/www.tunisienumerique.com\/wp-content\/uploads\/2017\/02\/logo_tunisie_numerique.png\"\/><\/div>\n<p><meta content=\"Tunisie\"\/><\/div>\n<div class=\"mvp-related-posts left relative\">\n<h4 class=\"post-header\"><span class=\"post-header\">Lire aussi<\/span><\/h4>\n<\/div>\n<div id=\"article-ad\">\n <ins class=\"adsbygoogle c5\" data-ad-client=\"ca-pub-2102118777505746\" data-ad-slot=\"6513972734\" data-ad-format=\"auto\" data-full-width-responsive=\"true\"\/>\n<\/div>\n<\/div>\n<div id=\"post-sidebar-wrap\">\n <ins class=\"adsbygoogle c5\" data-ad-client=\"ca-pub-2102118777505746\" data-ad-slot=\"6168283410\" data-ad-format=\"auto\" data-full-width-responsive=\"true\"\/>\n<\/div>\n<p>Auteur: chahrazed chamsi<br \/>\n<a href=\"https:\/\/www.tunisienumerique.com\/tunisie-ministere-de-lagriculture-avis-aux-citoyens-concernant-les-fluctuations-meteorologiques-prevues\/\">Cliquez ici pour lire l&rsquo;article depuis sa source.<\/a><\/p>\n","protected":false},"excerpt":{"rendered":"<p>Par chahrazed chamsi \u00a0| Il y a 34 minutes \ud83d\udd0a \u00c9coutez l&rsquo;article Le minist\u00e8re de l\u2019Agriculture a appel\u00e9 les citoyens \u00e0 ne pas s\u2019approcher des points d\u2019eau et les marins \u00e0 ne pas prendre de risques et de naviguer soulignant la n\u00e9cessit\u00e9 de prendre toutes les mesures n\u00e9cessaires et d\u2019attacher les bateaux au quai. Cet [&hellip;]<\/p>\n","protected":false},"author":1789,"featured_media":0,"comment_status":"closed","ping_status":"closed","sticky":false,"template":"","format":"standard","meta":{"fifu_image_url":"https:\/\/secure.gravatar.com\/avatar\/e2104f4ee714373669b2ec262b153d36?s=50&d=mm&r=g","fifu_image_alt":"Tunisie-Minist\u00e8re de l\u2019Agriculture: Avis aux citoyens concernant les fluctuations m\u00e9t\u00e9orologiques pr\u00e9vues","footnotes":""},"categories":[73,55],"tags":[],"class_list":["post-116233","post","type-post","status-publish","format-standard","hentry","category-actualite","category-tunisie"],"_links":{"self":[{"href":"https:\/\/linitiative.ca\/International\/wp-json\/wp\/v2\/posts\/116233","targetHints":{"allow":["GET"]}}],"collection":[{"href":"https:\/\/linitiative.ca\/International\/wp-json\/wp\/v2\/posts"}],"about":[{"href":"https:\/\/linitiative.ca\/International\/wp-json\/wp\/v2\/types\/post"}],"author":[{"embeddable":true,"href":"https:\/\/linitiative.ca\/International\/wp-json\/wp\/v2\/users\/1789"}],"replies":[{"embeddable":true,"href":"https:\/\/linitiative.ca\/International\/wp-json\/wp\/v2\/comments?post=116233"}],"version-history":[{"count":0,"href":"https:\/\/linitiative.ca\/International\/wp-json\/wp\/v2\/posts\/116233\/revisions"}],"wp:attachment":[{"href":"https:\/\/linitiative.ca\/International\/wp-json\/wp\/v2\/media?parent=116233"}],"wp:term":[{"taxonomy":"category","embeddable":true,"href":"https:\/\/linitiative.ca\/International\/wp-json\/wp\/v2\/categories?post=116233"},{"taxonomy":"post_tag","embeddable":true,"href":"https:\/\/linitiative.ca\/International\/wp-json\/wp\/v2\/tags?post=116233"}],"curies":[{"name":"wp","href":"https:\/\/api.w.org\/{rel}","templated":true}]}}