{"id":116237,"date":"2021-05-05T15:21:15","date_gmt":"2021-05-05T19:21:15","guid":{"rendered":"https:\/\/linitiative.ca\/International\/lutte-contre-linsecurite-au-kivu-et-en-ituri\/"},"modified":"2021-05-05T15:21:15","modified_gmt":"2021-05-05T19:21:15","slug":"lutte-contre-linsecurite-au-kivu-et-en-ituri","status":"publish","type":"post","link":"https:\/\/linitiative.ca\/International\/lutte-contre-linsecurite-au-kivu-et-en-ituri\/","title":{"rendered":"LUTTE CONTRE L\u2019INSECURITE AU KIVU ET EN ITURI"},"content":{"rendered":"<p class=\"c4\"><em>En R\u00e9publique d\u00e9mocratique du Congo (RDC), le pr\u00e9sident F\u00e9lix Tshisekedi a d\u00e9cr\u00e9t\u00e9 l\u2019\u00e9tat de si\u00e8ge qui d\u00e9bute ce 6 mai 2021, en raison de l\u2019ins\u00e9curit\u00e9 qui pr\u00e9vaut dans le pays, notamment au Kivu et en Ituri, deux provinces fortement touch\u00e9es par les violences et qui restent des nids de groupes arm\u00e9s qui y font la loi depuis des ann\u00e9es. C\u2019est dans ce sens qu\u2019une administration militaire a \u00e9t\u00e9 nomm\u00e9e en remplacement de l\u2019administration civile, pour exp\u00e9rimenter la th\u00e9rapie de choc que compte administrer le locataire du Palais de marbre \u00e0 ces provinces orientales du pays, qui s\u2019ent\u00eatent \u00e0 vouloir rester en dehors de la R\u00e9publique. Ainsi, le G\u00e9n\u00e9ral\u00a0 Luboya Nkashama, nomm\u00e9 gouverneur-militaire du Nord-Kivu, et son homologue Constant Ndima Kongba qui prend les commandes de l\u2019Ituri, devraient \u00eatre install\u00e9s dans leurs fonctions ce 6 mai. Ils seront aid\u00e9s, dans leur t\u00e2che, par des officiers de police et de l\u2019arm\u00e9e qui prendront le contr\u00f4le de tous les \u00e9chelons administratifs dans ces provinces.<\/em><\/p>\n<p class=\"c4\"><em>\u00a0<\/em><\/p>\n<p class=\"c6\"><strong><em>Une mesure qui n\u2019avait que trop tard\u00e9<\/em><\/strong><\/p>\n<p class=\"c4\"><em>\u00a0<\/em><\/p>\n<p class=\"c4\"><em>Le moins que l\u2019on puisse dire, c\u2019est que le pr\u00e9sident Tshisekedi a pris \u00e0 bras-le-corps le probl\u00e8me de l\u2019ins\u00e9curit\u00e9 en RDC, notamment la pacification de l\u2019Est du pays, qui, soit dit en passant, \u00e9tait une promesse de campagne. La question que l\u2019on pourrait alors se poser, est de savoir s\u2019il r\u00e9ussira l\u00e0 o\u00f9 ses pr\u00e9d\u00e9cesseurs ont \u00e9chou\u00e9. La question est d\u2019autant plus fond\u00e9e que si l\u2019ins\u00e9curit\u00e9 dans l\u2019Est de la RDC a aujourd\u2019hui pour principal nom les ADF, ces rebelles musulmans ougandais des Forces d\u00e9mocratiques alli\u00e9es ne sont pas au d\u00e9but de leurs exactions. En effet, selon certaines organisations internationales, ils ont \u00e0 leur actif plus de 6300 assassinats, essentiellement des civils, depuis le d\u00e9but de leur activit\u00e9 en 1996. Ces m\u00eames chiffres les rendent coupables de l\u2019assassinat de pr\u00e8s d\u2019un millier de civils depuis l\u2019arriv\u00e9e du pr\u00e9sident F\u00e9lix Tshisekedi au pouvoir en 2019. M\u00eame l\u2019offensive lanc\u00e9e contre eux, en octobre 2019, \u00e0 l\u2019initiative du chef de l\u2019Etat, tarde \u00e0 montrer ses fruits sur le terrain. C\u2019est pourquoi, pour de nombreux Congolais, la r\u00e9cente proclamation de l\u2019Etat de si\u00e8ge, est une mesure qui n\u2019avait que trop tard\u00e9. Et tout le mal que l\u2019on souhaite au pr\u00e9sident Tshisekedi, c\u2019est de r\u00e9ussir \u00e0 ramener la paix dans son pays. Car, le pays en a besoin pour son d\u00e9veloppement. Et, de toute \u00e9vidence, le successeur de Joseph Kabila a plus \u00e0 y gagner qu\u2019\u00e0 perdre. En effet, \u00e0 quelques encablures de la pr\u00e9sidentielle de 2023, il a int\u00e9r\u00eat \u00e0 se montrer proche des masses s\u2019il veut se donner les chances d\u2019obtenir un second mandat. Et c\u2019est peu de dire que cela pourrait \u00eatre d\u00e9terminant dans la course \u00e0 l\u2019\u00e9chalote et lui valoir son pesant de voix dans la perspective d\u2019un \u00e9ventuel second mandat qu\u2019il compte briguer. S\u2019il \u00e9choue, il aura toujours l\u2019excuse et au moins le m\u00e9rite d\u2019avoir essay\u00e9 en s\u2019attaquant frontalement \u00e0 un mal pernicieux qui a surv\u00e9cu \u00e0 bien de ses pr\u00e9d\u00e9cesseurs. S\u2019il r\u00e9ussit, non seulement il aura nettement mieux fait, mais aussi c\u2019est le pays tout entier qui se r\u00e9jouirait de pouvoir r\u00e9colter les dividendes de la paix retrouv\u00e9e dans cette partie du territoire qui ressemble aujourd\u2019hui \u00e0 un nid de scorpions o\u00f9 il ne fait pas bon de mettre les pieds.<\/em><\/p>\n<p class=\"c4\"><em>\u00a0<\/em><\/p>\n<p class=\"c6\"><strong><em>L\u2019autre d\u00e9fi est la question du DDR<\/em><\/strong><\/p>\n<p class=\"c4\"><em>\u00a0<\/em><\/p>\n<p class=\"c4\"><em>Ce n\u2019est pas le diplomate italien r\u00e9cemment tu\u00e9 par des hommes arm\u00e9s dans l\u2019attaque d\u2019un convoi humanitaire dans la zone, qui dirait post mortem, le contraire.\u00a0<\/em> <em>En tout \u00e9tat de cause, en prenant\u00a0ces \u00ab\u00a0mesures radicales\u00a0\u00bb face \u00e0 l\u2019ins\u00e9curit\u00e9 dans l\u2019Est du pays pour pallier un tant soit peu ce qui ressemble \u00e0 une absence de l\u2019autorit\u00e9 de l\u2019Etat, on esp\u00e8re que Fatshi a les moyens de sa politique. Mais s\u2019il apparait \u00e9vident que c\u2019est un combat qui ne saurait \u00eatre gagn\u00e9 sans le soutien de partenaires strat\u00e9giques comme la France \u00e0 laquelle F\u00e9lix Tshisekedi a r\u00e9it\u00e9r\u00e9 son appel \u00e0 l\u2019aide lors de son r\u00e9cent s\u00e9jour \u00e0 l\u2019Elys\u00e9e, l\u2019on est port\u00e9 \u00e0 croire que\u00a0 cette lutte ne saurait non plus \u00eatre gagn\u00e9e sans le concours de ses voisins rwandais et ougandais avec qui il partage le destin\u00a0 commun de la probl\u00e9matique de ces r\u00e9bellions arm\u00e9es transfrontali\u00e8res qui semblent avoir durablement \u00e9lu domicile dans la for\u00eat dense qui leur fait office de fronti\u00e8re commune et qui y ont d\u00e9velopp\u00e9 une v\u00e9ritable \u00e9conomie du pillage. L\u2019autre d\u00e9fi est la question du DDR (D\u00e9sarmement, d\u00e9mobilisation, r\u00e9insertion) qui peine v\u00e9ritablement \u00e0 prendre corps au moment o\u00f9 certains miliciens piaffent d\u2019impatience de d\u00e9poser les armes, \u00e0 condition que la question de leur prise en charge soit r\u00e9solue. C\u2019est une piste \u00e0 ne pas n\u00e9gliger en ce qu\u2019elle pourrait \u00eatre une solution durable pour une paix durable.<\/em><\/p>\n<p class=\"c4\"><em>\u00a0<\/em><\/p>\n<p class=\"c6\"><strong><em>\u00ab\u00a0Le Pays\u00a0\u00bb<\/em><\/strong><\/p>\n<p>Auteur: Editions LEPAYS<br \/>\n<a href=\"https:\/\/lepays.bf\/lutte-contre-linsecurite-au-kivu-et-en-ituri\/\">Cliquez ici pour lire l&rsquo;article depuis sa source.<\/a><\/p>\n","protected":false},"excerpt":{"rendered":"<p>En R\u00e9publique d\u00e9mocratique du Congo (RDC), le pr\u00e9sident F\u00e9lix Tshisekedi a d\u00e9cr\u00e9t\u00e9 l\u2019\u00e9tat de si\u00e8ge qui d\u00e9bute ce 6 mai 2021, en raison de l\u2019ins\u00e9curit\u00e9 qui pr\u00e9vaut dans le pays, notamment au Kivu et en Ituri, deux provinces fortement touch\u00e9es par les violences et qui restent des nids de groupes arm\u00e9s qui y font la [&hellip;]<\/p>\n","protected":false},"author":1813,"featured_media":0,"comment_status":"closed","ping_status":"closed","sticky":false,"template":"","format":"standard","meta":{"fifu_image_url":"","fifu_image_alt":"","footnotes":""},"categories":[73,81],"tags":[],"class_list":["post-116237","post","type-post","status-publish","format-standard","hentry","category-actualite","category-burkina-faso"],"_links":{"self":[{"href":"https:\/\/linitiative.ca\/International\/wp-json\/wp\/v2\/posts\/116237","targetHints":{"allow":["GET"]}}],"collection":[{"href":"https:\/\/linitiative.ca\/International\/wp-json\/wp\/v2\/posts"}],"about":[{"href":"https:\/\/linitiative.ca\/International\/wp-json\/wp\/v2\/types\/post"}],"author":[{"embeddable":true,"href":"https:\/\/linitiative.ca\/International\/wp-json\/wp\/v2\/users\/1813"}],"replies":[{"embeddable":true,"href":"https:\/\/linitiative.ca\/International\/wp-json\/wp\/v2\/comments?post=116237"}],"version-history":[{"count":0,"href":"https:\/\/linitiative.ca\/International\/wp-json\/wp\/v2\/posts\/116237\/revisions"}],"wp:attachment":[{"href":"https:\/\/linitiative.ca\/International\/wp-json\/wp\/v2\/media?parent=116237"}],"wp:term":[{"taxonomy":"category","embeddable":true,"href":"https:\/\/linitiative.ca\/International\/wp-json\/wp\/v2\/categories?post=116237"},{"taxonomy":"post_tag","embeddable":true,"href":"https:\/\/linitiative.ca\/International\/wp-json\/wp\/v2\/tags?post=116237"}],"curies":[{"name":"wp","href":"https:\/\/api.w.org\/{rel}","templated":true}]}}