{"id":116238,"date":"2021-05-05T15:27:32","date_gmt":"2021-05-05T19:27:32","guid":{"rendered":"https:\/\/linitiative.ca\/International\/enlevement-dun-journaliste-francais-a-gao\/"},"modified":"2021-05-05T15:27:32","modified_gmt":"2021-05-05T19:27:32","slug":"enlevement-dun-journaliste-francais-a-gao","status":"publish","type":"post","link":"https:\/\/linitiative.ca\/International\/enlevement-dun-journaliste-francais-a-gao\/","title":{"rendered":"ENLEVEMENT D\u2019UN JOURNALISTE FRAN\u00c7AIS A GAO  \u00a0"},"content":{"rendered":"<p class=\"c4\"><em>Le journaliste ind\u00e9pendant fran\u00e7ais, Olivier Dubois, qui travaille pour le quotidien fran\u00e7ais Lib\u00e9ration et le magazine Le Point, est-il finalement all\u00e9 se jeter dans la gueule du loup sanguinaire jihadiste\u00a0? En effet, alors qu\u2019il avait rendez-vous, en d\u00e9but avril dernier, avec un cadre du Groupe de soutien \u00e0 l\u2019islam et aux musulmans (GSIM) de Iyad Ag Ghali, le free-lance ne donnera plus signe de vie. Du moins jusqu\u2019au 4 mai dernier, quand il apparaissait dans une vid\u00e9o de 21 secondes, circulant sur la toile. Dans ladite vid\u00e9o, Olivier Dubois pr\u00e9cise lui-m\u00eame avoir \u00e9t\u00e9 kidnapp\u00e9 par le GSIM, le 8 avril dernier. A sa famille, \u00e0 ses amis ainsi qu\u2019aux autorit\u00e9s fran\u00e7aises, le scribouillard install\u00e9 au Mali depuis 2015, demande de\u00a0faire tout ce qui est en leur pouvoir pour le lib\u00e9rer. Tout semblait pourtant avoir \u00e9t\u00e9 soigneusement ficel\u00e9 et m\u00e9ticuleusement pr\u00e9par\u00e9 avec des interm\u00e9diaires locaux, pour la r\u00e9ussite du projet, voire du scoop. En plus des proches du journaliste qui, dit-on, avaient \u00e9t\u00e9 mis au parfum du projet de reportage, les autorit\u00e9s fran\u00e7aises en auraient \u00e9t\u00e9, elles aussi, inform\u00e9es \u00e0 l\u2019avance.\u00a0 Alors qu\u2019est-ce qui a pu faire pschitt\u00a0? Les choses ont-elles tourn\u00e9 court au moment o\u00f9 le journaliste s\u2019y attendait le moins, une fois sur place\u00a0?\u00a0 Ou faut-il croire que l\u2019interview devait plut\u00f4t servir, pour les barbus, d\u2019app\u00e2t\u00a0? \u00a0Si l\u2019hypoth\u00e8se du pi\u00e8ge tendu \u00e0 ce journaliste que l\u2019on dit\u00a0\u00ab\u00a0exp\u00e9riment\u00e9\u00a0\u00bb et parfait connaisseur des r\u00e9alit\u00e9s du terrain, \u00e9tait av\u00e9r\u00e9e, alors cela rappellerait le triste souvenir des circonstances des assassinats, en 2013, \u00e0 Kidal dans le Nord-Est du Mali, des journalistes fran\u00e7ais Ghislaine Dupont et Claude Verlon. Ces deux journalistes, on s\u2019en souvient, venaient d\u2019interviewer peu avant leur mort, un responsable des rebelles touaregs du Mouvement national de lib\u00e9ration de l\u2019Azawad (MNLA).<\/em><\/p>\n<p class=\"c4\"><em>\u00a0<\/em><\/p>\n<p class=\"c6\"><strong><em>Ce kidnapping vient rappeler combien le journalisme demeure un m\u00e9tier \u00e0 risques sous nos tropiques<\/em><\/strong><\/p>\n<p class=\"c4\"><em>\u00a0<\/em><\/p>\n<p class=\"c4\"><em>\u00a0<\/em><\/p>\n<p class=\"c4\"><em>Face \u00e0 l\u2019appel \u00e0 l\u2019aide de Olivier Dubois, quelle posture l\u2019Elys\u00e9e adoptera-t-elle ?\u00a0\u00a0 Elle qui a clairement affich\u00e9 son opposition \u00e0 toute n\u00e9gociation avec les groupes terroristes, et particuli\u00e8rement le GISM.\u00a0\u00a0 L\u2019on mesure, en tout cas, tout l\u2019embarras du pr\u00e9sident Macron qui voit de nouveau tomber entre ses mains, une patate chaude.\u00a0 R\u00e9joui de la lib\u00e9ration, en octobre 2020, du denier otage fran\u00e7ais au Sahel, qui n\u2019\u00e9tait autre que l\u2019humanitaire franco-suisse, Sophie, l\u2019actuel locataire de l\u2019Elys\u00e9e se voit \u00e0 nouveau contraint de g\u00e9rer avec une extr\u00eame d\u00e9licatesse, cette nouvelle prise d\u2019otage d\u2019un ressortissant fran\u00e7ais au Sahel.\u00a0 Comment s\u2019y prendra-il ? Une chose est s\u00fbre : le GSIM a entre ses mains, une prise exquise dont il pourrait faire un puissant moyen de chantage, une pr\u00e9cieuse monnaie d\u2019\u00e9change et une grande valeur marchande pour autant que Paris mette en berne son principe d\u00e9clar\u00e9.\u00a0\u00a0<\/em> <em>Toujours est-il que ce nouvel enl\u00e8vement d\u2019Occidental au Mali, vient relancer le d\u00e9bat sur les risques \u00e9normes et parfois inconsid\u00e9r\u00e9s, que prennent bien des Occidentaux en se rendant dans des zones tr\u00e8s peu recommand\u00e9es, r\u00e9put\u00e9es pour \u00eatre tr\u00e8s dangereuses.\u00a0 Certes, en se rendant \u00e0 Gao, Olivier Dubois n\u2019y est pas all\u00e9 dans la peau de touriste t\u00e9m\u00e9raire amateur de sensations fortes ou en qu\u00eate de publicit\u00e9.\u00a0 Dans son cas, c\u2019est son travail de journaliste qui l\u2019y a amen\u00e9. Pour autant, le risque dont il ne niait certainement pas la r\u00e9alit\u00e9, en valait-il la peine\u00a0? D\u2019aucuns diront qu\u2019apr\u00e8s tout, ce sont les risques du m\u00e9tier.\u00a0 Soit\u00a0! Mais quel que soit le degr\u00e9 d\u2019amour qu\u2019on puisse \u00e9prouver pour ce m\u00e9tier, il ne faut jamais perdre de vue qu\u2019avant tout, \u00ab\u00a0rien ne vaut la vie\u00a0\u00bb. On n\u2019ose pas croire, en tout cas, que Olivier Dubois a \u00e9t\u00e9 envoy\u00e9 en mission \u00e0 Gao, par l\u2019une des r\u00e9dactions des journaux pour lesquelles il travaillait, sans que celle-ci n\u2019ait pris, au pr\u00e9alable, le maximum de garanties n\u00e9cessaires.\u00a0Sans doute ce projet de reportage qui d\u00e9vorait M. Dubois, a-t-il relev\u00e9 d\u2019une initiative personnelle de journaliste ind\u00e9pendant qu\u2019il est. En tout \u00e9tat de cause, ce kidnapping vient rappeler combien le journalisme demeure un m\u00e9tier \u00e0 risques sous nos tropiques, surtout dans des zones fortement gangr\u00e9n\u00e9es par le mal terroriste.\u00a0 L\u2019Etat malien a-t-il \u00e9t\u00e9 inform\u00e9 du projet\u00a0? Si oui, le journaliste a-t-il, en ce qui le concerne, scrupuleusement observ\u00e9 les consignes de s\u00e9curit\u00e9 que ne manquent g\u00e9n\u00e9ralement pas de formuler les autorit\u00e9s habilit\u00e9es, en pareille situation ?\u00a0 \u00a0En attendant,\u00a0tout le mal qu\u2019on puisse souhaiter \u00e0 notre confr\u00e8re fran\u00e7ais, c\u2019est qu\u2019il s\u2019en sorte sain et sauf\u00a0! Autrement dit, on touche du bois \u2026 pour Dubois.<\/em><\/p>\n<p class=\"c4\"><em>\u00a0<\/em><\/p>\n<p class=\"c6\"><strong><em>CBS<\/em><\/strong><\/p>\n<p>Auteur: Editions LEPAYS<br \/>\n<a href=\"https:\/\/lepays.bf\/enlevement-dun-journaliste-francais-a-gao\/\">Cliquez ici pour lire l&rsquo;article depuis sa source.<\/a><\/p>\n","protected":false},"excerpt":{"rendered":"<p>Le journaliste ind\u00e9pendant fran\u00e7ais, Olivier Dubois, qui travaille pour le quotidien fran\u00e7ais Lib\u00e9ration et le magazine Le Point, est-il finalement all\u00e9 se jeter dans la gueule du loup sanguinaire jihadiste\u00a0? En effet, alors qu\u2019il avait rendez-vous, en d\u00e9but avril dernier, avec un cadre du Groupe de soutien \u00e0 l\u2019islam et aux musulmans (GSIM) de Iyad [&hellip;]<\/p>\n","protected":false},"author":1813,"featured_media":0,"comment_status":"closed","ping_status":"closed","sticky":false,"template":"","format":"standard","meta":{"fifu_image_url":"","fifu_image_alt":"","footnotes":""},"categories":[73,81],"tags":[],"class_list":["post-116238","post","type-post","status-publish","format-standard","hentry","category-actualite","category-burkina-faso"],"_links":{"self":[{"href":"https:\/\/linitiative.ca\/International\/wp-json\/wp\/v2\/posts\/116238","targetHints":{"allow":["GET"]}}],"collection":[{"href":"https:\/\/linitiative.ca\/International\/wp-json\/wp\/v2\/posts"}],"about":[{"href":"https:\/\/linitiative.ca\/International\/wp-json\/wp\/v2\/types\/post"}],"author":[{"embeddable":true,"href":"https:\/\/linitiative.ca\/International\/wp-json\/wp\/v2\/users\/1813"}],"replies":[{"embeddable":true,"href":"https:\/\/linitiative.ca\/International\/wp-json\/wp\/v2\/comments?post=116238"}],"version-history":[{"count":0,"href":"https:\/\/linitiative.ca\/International\/wp-json\/wp\/v2\/posts\/116238\/revisions"}],"wp:attachment":[{"href":"https:\/\/linitiative.ca\/International\/wp-json\/wp\/v2\/media?parent=116238"}],"wp:term":[{"taxonomy":"category","embeddable":true,"href":"https:\/\/linitiative.ca\/International\/wp-json\/wp\/v2\/categories?post=116238"},{"taxonomy":"post_tag","embeddable":true,"href":"https:\/\/linitiative.ca\/International\/wp-json\/wp\/v2\/tags?post=116238"}],"curies":[{"name":"wp","href":"https:\/\/api.w.org\/{rel}","templated":true}]}}