{"id":116239,"date":"2021-05-04T19:16:39","date_gmt":"2021-05-04T23:16:39","guid":{"rendered":"https:\/\/linitiative.ca\/International\/acces-aux-credits-une-loi-au-profit-des-populations-vulnerables\/"},"modified":"2021-05-04T19:16:39","modified_gmt":"2021-05-04T23:16:39","slug":"acces-aux-credits-une-loi-au-profit-des-populations-vulnerables","status":"publish","type":"post","link":"https:\/\/linitiative.ca\/International\/acces-aux-credits-une-loi-au-profit-des-populations-vulnerables\/","title":{"rendered":"Acc\u00e8s aux cr\u00e9dits : Une loi au profit des populations vuln\u00e9rables"},"content":{"rendered":"<div class=\"td-post-featured-image\">\n<figure><a href=\"https:\/\/www.sidwaya.info\/wp-content\/uploads\/2021\/05\/loi.jpg\" data-caption=\"C\u2019est \u00e0 l\u2019unanimit\u00e9 que les d\u00e9put\u00e9s ont vot\u00e9 les 3 projets de lois lors de la pl\u00e9ni\u00e8re du 4 mai 2021.\"><img loading=\"lazy\" decoding=\"async\" width=\"696\" height=\"453\" class=\"entry-thumb td-modal-image\" src=\"https:\/\/www.sidwaya.info\/wp-content\/uploads\/2021\/05\/loi-696x453.jpg\" srcset=\"https:\/\/www.sidwaya.info\/wp-content\/uploads\/2021\/05\/loi-696x453.jpg 696w, https:\/\/www.sidwaya.info\/wp-content\/uploads\/2021\/05\/loi-300x195.jpg 300w, https:\/\/www.sidwaya.info\/wp-content\/uploads\/2021\/05\/loi-768x500.jpg 768w, https:\/\/www.sidwaya.info\/wp-content\/uploads\/2021\/05\/loi-150x98.jpg 150w, https:\/\/www.sidwaya.info\/wp-content\/uploads\/2021\/05\/loi-645x420.jpg 645w, https:\/\/www.sidwaya.info\/wp-content\/uploads\/2021\/05\/loi.jpg 780w\" sizes=\"auto, (max-width: 696px) 100vw, 696px\" alt=\"\" title=\"loi\"\/><\/a><figcaption class=\"wp-caption-text\">C\u2019est \u00e0 l\u2019unanimit\u00e9 que les d\u00e9put\u00e9s ont vot\u00e9 les 3 projets de lois lors de la pl\u00e9ni\u00e8re du 4 mai 2021.<\/figcaption><\/figure>\n<\/div>\n<p><strong>L\u2019Assembl\u00e9e nationale a adopt\u00e9, lors de sa s\u00e9ance pl\u00e9ni\u00e8re, le 4 mai 2021, \u00e0 l\u2019unanimit\u00e9 des 117 d\u00e9put\u00e9s pr\u00e9sents, deux projets de lois dont l\u2019un porte sur le financement du projet d\u2019harmonisation des statistiques en Afrique<\/strong><br \/><strong>de l\u2019Ouest et l\u2019autre sur le financement partiel du projet de promotion de la finance inclusive.<\/strong><\/p>\n<p>Le premier projet soumis \u00e0 l\u2019appr\u00e9ciation des d\u00e9put\u00e9s lors de la s\u00e9ance pl\u00e9ni\u00e8re de l\u2019Assembl\u00e9e nationale, tenue le 4 mai 2021, porte sur le financement du projet d\u2019harmonisation des statistiques en Afrique de l\u2019Ouest. Les 117 votants du jour ont donn\u00e9 \u00e0 l\u2019unanimit\u00e9 leur quitus au gouvernement pour ratifier l\u2019accord de financement d\u2019un montant de 33 milliards de dollars dont 16,5 milliards sous forme de pr\u00eat et autant sous forme de don avec l\u2019Association internationale de d\u00e9veloppement (IDA). Pour le ministre de l\u2019Economie, des Finances et du D\u00e9veloppement, Lassan\u00e9 Kabor\u00e9, ce projet va am\u00e9liorer la qualit\u00e9 des statistiques n\u00e9cessaires au pilotage du d\u00e9veloppement au Burkina Faso.<\/p>\n<p>\u00ab Dans le cadre de ce projet, nous allons mettre en place un syst\u00e8me national pour avoir tous les trimestres des enqu\u00eates sur l\u2019emploi, en vue d\u2019orienter le gouvernement sur le choix des formations. Il faut qu\u2019on puisse effectuer les choix de formation et faire en sorte que ceux qui sortent des instituts ne soient plus des abonn\u00e9s au ch\u00f4mage. Mais qu\u2019ils puissent s\u2019autoemployer et travailler \u00e0 la cr\u00e9ation de richesses\u00bb, a soulign\u00e9 le ministre. C\u2019est l\u2019Institut national de la statistique et de la d\u00e9mographie qui va assurer la pl\u00e9nitude de la gestion de ce financement de l\u2019IDA.<\/p>\n<p>Les d\u00e9put\u00e9s ont aussi adopt\u00e9 \u00e0 l\u2019unanimit\u00e9 la loi portant sur le financement partiel du Projet de promotion de la finance inclusive pour l\u2019acc\u00e8s des populations \u00e0 faibles revenus aux services financiers au Burkina Faso (PPFIB) tranche 2.<br \/>L\u2019objectif de ce projet port\u00e9 par le Fonds national de la finance inclusive (FONAFI) gr\u00e2ce \u00e0 un financement de la Banque ouest africaine de d\u00e9veloppement (BOAD) est de contribuer \u00e0 l\u2019am\u00e9lioration des conditions socio\u00e9conomiques des populations \u00e0 la base. La ministre d\u00e9l\u00e9gu\u00e9e charg\u00e9e de l\u2019Am\u00e9nagement du territoire, Pauline Zour\u00e9, a expliqu\u00e9 que ce projet est une r\u00e9ponse structurelle aux difficult\u00e9s d\u2019acc\u00e8s aux cr\u00e9dits par les femmes, les jeunes en milieu rural et des personnes handicap\u00e9es.<\/p>\n<p>\u00abGr\u00e2ce aux ressources mises \u00e0 la disposition par la BOAD, le gouvernement va vendre l\u2019argent aux prestataires de services financiers ( les institutions de microfinance et la fa\u00eeti\u00e8re des caisses populaires) \u00e0 un taux de 3% et en retour ceux-ci vont les mettre \u00e0 la disposition des couches vuln\u00e9rables compos\u00e9es des jeunes et de femmes en milieu rural, des personnes handicap\u00e9es sous forme de cr\u00e9dit \u00e0 un taux qui ne peut pas d\u00e9passer 10% contre des taux actuels du march\u00e9 qui tournent entre 10 et 17%. Il s\u2019agit de 8% pour les PME et 10% pour les particuliers \u00bb, a soutenu Pauline Zour\u00e9.<\/p>\n<p>Pour b\u00e9n\u00e9ficier des fonds dans le cadre de ce projet, les prestataires de services financiers doivent \u00eatre d\u00e9concentr\u00e9s sur le territoire, avoir un plan de d\u00e9ploiement et engager 60% du financement acquis aux projets port\u00e9s par les femmes. Pour r\u00e9soudre la difficult\u00e9 de la garantie, les prestataires des services misent sur la caution solidaire.<br \/>Avant de refermer la s\u00e9ance pl\u00e9ni\u00e8re, les d\u00e9put\u00e9s ont adopt\u00e9 la loi portant autorisation de ratification du contrat de financement conclu le 16 octobre 2020 entre la Banque europ\u00e9enne d\u2019investissement et le Burkina Faso pour le financement de son adh\u00e9sion \u00e0 l\u2019agence pour l\u2019Assurance du commerce en Afrique (ACA).<\/p>\n<p>Ce projet a d\u00e9clar\u00e9 la ministre Zour\u00e9 vise \u00e0 attirer plus d\u2019investissements directs \u00e9trangers au Burkina. \u00ab Du fait du terrorisme, le Burkina attire de moins en moins d\u2019investisseurs et cette adh\u00e9sion participe \u00e0 les attirer\u00bb, a relev\u00e9 la ministre d\u00e9l\u00e9gu\u00e9e charg\u00e9e de l\u2019Am\u00e9nagement du territoire. En fait, ce sont les Etats qui prennent part au capital de l\u2019assurance pour le commerce en Afrique et en retour, les investisseurs nationaux ou \u00e9trangers peuvent souscrire \u00e0 ACA et b\u00e9n\u00e9ficier de remboursement en cas de probl\u00e8me.<\/p>\n<p class=\"c1\"><strong>Nad\u00e8ge YE<\/strong><\/p>\n<div class=\"td-a-rec td-a-rec-id-content_bottom tdi_33_1b1 td_block_template_1\">\n<p><img loading=\"lazy\" decoding=\"async\" class=\"aligncenter size-full wp-image-27454\" src=\"https:\/\/www.sidwaya.info\/wp-content\/uploads\/2020\/10\/PUB-Bandeau-paiement-mobile-siteweb.jpg\" alt=\"\" width=\"728\" height=\"90\"\/><\/div>\n<p>Auteur: JK. Sidwaya<br \/>\n<a href=\"https:\/\/www.sidwaya.info\/blog\/2021\/05\/04\/acces-aux-credits-une-loi-au-profit-des-populations-vulnerables\/\">Cliquez ici pour lire l&rsquo;article depuis sa source.<\/a><\/p>\n","protected":false},"excerpt":{"rendered":"<p>C\u2019est \u00e0 l\u2019unanimit\u00e9 que les d\u00e9put\u00e9s ont vot\u00e9 les 3 projets de lois lors de la pl\u00e9ni\u00e8re du 4 mai 2021. L\u2019Assembl\u00e9e nationale a adopt\u00e9, lors de sa s\u00e9ance pl\u00e9ni\u00e8re, le 4 mai 2021, \u00e0 l\u2019unanimit\u00e9 des 117 d\u00e9put\u00e9s pr\u00e9sents, deux projets de lois dont l\u2019un porte sur le financement du projet d\u2019harmonisation des statistiques [&hellip;]<\/p>\n","protected":false},"author":1816,"featured_media":0,"comment_status":"closed","ping_status":"closed","sticky":false,"template":"","format":"standard","meta":{"fifu_image_url":"https:\/\/www.sidwaya.info\/wp-content\/uploads\/2021\/05\/loi-696x453.jpg","fifu_image_alt":"Acc\u00e8s aux cr\u00e9dits : Une loi au profit des populations vuln\u00e9rables","footnotes":""},"categories":[73,81],"tags":[],"class_list":["post-116239","post","type-post","status-publish","format-standard","hentry","category-actualite","category-burkina-faso"],"_links":{"self":[{"href":"https:\/\/linitiative.ca\/International\/wp-json\/wp\/v2\/posts\/116239","targetHints":{"allow":["GET"]}}],"collection":[{"href":"https:\/\/linitiative.ca\/International\/wp-json\/wp\/v2\/posts"}],"about":[{"href":"https:\/\/linitiative.ca\/International\/wp-json\/wp\/v2\/types\/post"}],"author":[{"embeddable":true,"href":"https:\/\/linitiative.ca\/International\/wp-json\/wp\/v2\/users\/1816"}],"replies":[{"embeddable":true,"href":"https:\/\/linitiative.ca\/International\/wp-json\/wp\/v2\/comments?post=116239"}],"version-history":[{"count":0,"href":"https:\/\/linitiative.ca\/International\/wp-json\/wp\/v2\/posts\/116239\/revisions"}],"wp:attachment":[{"href":"https:\/\/linitiative.ca\/International\/wp-json\/wp\/v2\/media?parent=116239"}],"wp:term":[{"taxonomy":"category","embeddable":true,"href":"https:\/\/linitiative.ca\/International\/wp-json\/wp\/v2\/categories?post=116239"},{"taxonomy":"post_tag","embeddable":true,"href":"https:\/\/linitiative.ca\/International\/wp-json\/wp\/v2\/tags?post=116239"}],"curies":[{"name":"wp","href":"https:\/\/api.w.org\/{rel}","templated":true}]}}