{"id":116241,"date":"2021-05-05T08:42:10","date_gmt":"2021-05-05T12:42:10","guid":{"rendered":"https:\/\/linitiative.ca\/International\/crise-scolaire-au-burkina-la-declaration-du-mpp\/"},"modified":"2021-05-05T08:42:10","modified_gmt":"2021-05-05T12:42:10","slug":"crise-scolaire-au-burkina-la-declaration-du-mpp","status":"publish","type":"post","link":"https:\/\/linitiative.ca\/International\/crise-scolaire-au-burkina-la-declaration-du-mpp\/","title":{"rendered":"Crise scolaire au Burkina : La d\u00e9claration du MPP"},"content":{"rendered":"<div class=\"td-post-featured-image\"><a href=\"https:\/\/www.sidwaya.info\/wp-content\/uploads\/2021\/05\/MPP.jpg\" data-caption=\"\"><img loading=\"lazy\" decoding=\"async\" width=\"208\" height=\"242\" class=\"entry-thumb td-modal-image\" src=\"https:\/\/www.sidwaya.info\/wp-content\/uploads\/2021\/05\/MPP.jpg\" srcset=\"https:\/\/www.sidwaya.info\/wp-content\/uploads\/2021\/05\/MPP.jpg 208w, https:\/\/www.sidwaya.info\/wp-content\/uploads\/2021\/05\/MPP-150x175.jpg 150w\" sizes=\"auto, (max-width: 208px) 100vw, 208px\" alt=\"\" title=\"MPP\"\/><\/a><\/div>\n<p><strong>\u00a0<\/strong>La semaine derni\u00e8re, une manifestation des associations scolaires exigeant l\u2019abandon des reformes des examens scolaires, a tourn\u00e9 en \u00e9chauffour\u00e9es, \u00e0 divers endroits du pays. Ce mouvement d\u2019humeur a \u00e9t\u00e9 la cause du d\u00e9c\u00e8s accidentel de l\u2019\u00e9l\u00e8ve C\u00e9cile KINDA, ci-devant pensionnaire du Coll\u00e8ge Sainte Bernadette de Kongoussi.<\/p>\n<p>Le Mouvement du Peuple pour le Progr\u00e8s (MPP) d\u00e9plore cette situation tragique et exprime sa compassion \u00e0 la famille de la disparue.<\/p>\n<p>C\u2019est regrettable, et le MPP estime qu\u2019on aurait pu \u00e9viter le drame si certains acteurs n\u2019avaient pas cherch\u00e9 \u00e0 d\u00e9voyer les revendications des associations scolaires en sc\u00e8nes de violences contre les symboles de l\u2019Etat. En tout \u00e9tat de cause, pour le MPP, le MENA\/PLN a la l\u00e9gitimit\u00e9 d\u2019entreprendre des r\u00e9formes en vue d\u2019am\u00e9liorer la qualit\u00e9 des enseignements et ne saurait ob\u00e9ir au diktat des apprenants. Chaque composante doit jouer son r\u00f4le qui est le sien.<\/p>\n<p>Pour le MPP, la gr\u00e8ve initi\u00e9e par les associations est un bras de fer absurde qui ne fait pas avancer la cause de l\u2019\u00e9ducation au moment o\u00f9 le MENA\/PLN s\u2019attelle \u00e0 pr\u00e9parer les assises de l\u2019\u00e9ducation afin de donner un nouveau punch \u00e0 notre syst\u00e8me \u00e9ducatif en l\u00e9thargie.<\/p>\n<p>Le MPP apporte son soutien total au ministre Stanislas OUARO dont la d\u00e9termination \u00e0 prendre \u00e0 bras-le-corps les difficult\u00e9s qui plombent le syst\u00e8me \u00e9ducatif burkinab\u00e8 ne peut pas \u00eatre prise en d\u00e9faut. Le MPP f\u00e9licite le Pr\u00e9sident du Faso, Son Excellence Monsieur Roch Marc Christian KABORE et le gouvernement pour leurs efforts constants dans l\u2019am\u00e9lioration des conditions mat\u00e9rielles et sociales du monde de l\u2019\u00e9ducation. Il traduit \u00e9galement sa gratitude aux collaborateurs du MENA\/PLN, au corps enseignant et aux partenaires sociaux dont l\u2019implication a permis la mise en \u0153uvre des derni\u00e8res r\u00e9formes des examens scolaires.<\/p>\n<p>Le MPP estime que les Burkinab\u00e8 doivent jouer la carte de l\u2019apaisement, de la solidarit\u00e9 et de la concertation pour l\u2019\u00e9panouissement de l\u2019enfant et de l\u2019\u00e9cole burkinab\u00e8 d\u2019abord avant tout autre consid\u00e9ration. Le MPP rappelle en outre, \u00e0 toutes fins utiles que le droit de manifester est libre au Burkina Faso. Pour autant, la libert\u00e9 de ne pas manifester est \u00e9galement reconnue par les m\u00eames dispositions constitutionnelles qui r\u00e9gissent la vie dans notre pays et l\u2019on ne devrait <em>pas tordre le bras<\/em> \u00e0 tous ceux et celles qui veulent aussi exercer autrement leur droit en toute libert\u00e9. En sus, le MPP condamne avec une extr\u00eame vigueur les attaques dirig\u00e9es contre certains \u00e9tablissements et surtout celle contre une ambulance qui transportait en urgence \u00e0 Ouagadougou un patient vers un centre hospitalier de la place. C\u2019est inadmissible et inacceptable.<\/p>\n<p>Pour le MPP, il est imp\u00e9rieux que le peuple burkinab\u00e8 se concentre sur l\u2019essentiel que sont les d\u00e9fis des examens de fin d\u2019ann\u00e9e 2021 et la tenue des assises nationales conform\u00e9ment au R\u00e9f\u00e9rentiel National de D\u00e9veloppement (RND) en son volet consacr\u00e9 \u00e0 l\u2019\u00e9ducation.<\/p>\n<p><strong>DEMOCRATIE \u2013 EGALITE\u00a0 \u2013 PROGRES<\/strong><\/p>\n<p><strong>\u00a0<\/strong><\/p>\n<p>Le Secr\u00e9taire Ex\u00e9cutif national<\/p>\n<p><strong>\u00a0<\/strong><\/p>\n<p><strong>\u00a0<\/strong><\/p>\n<p><strong>\u00a0\u00a0 Lassan\u00e9 SAVADOGO<\/strong><\/p>\n<div class=\"td-a-rec td-a-rec-id-content_bottom tdi_33_b33 td_block_template_1\">\n<p><img loading=\"lazy\" decoding=\"async\" class=\"aligncenter size-full wp-image-27454\" src=\"https:\/\/www.sidwaya.info\/wp-content\/uploads\/2020\/10\/PUB-Bandeau-paiement-mobile-siteweb.jpg\" alt=\"\" width=\"728\" height=\"90\"\/><\/div>\n<p>Auteur: Wamini SIDWAYA<br \/>\n<a href=\"https:\/\/www.sidwaya.info\/blog\/2021\/05\/05\/declaration-du-mpp-sur-la-crise-scolaire\/\">Cliquez ici pour lire l&rsquo;article depuis sa source.<\/a><\/p>\n","protected":false},"excerpt":{"rendered":"<p>\u00a0La semaine derni\u00e8re, une manifestation des associations scolaires exigeant l\u2019abandon des reformes des examens scolaires, a tourn\u00e9 en \u00e9chauffour\u00e9es, \u00e0 divers endroits du pays. Ce mouvement d\u2019humeur a \u00e9t\u00e9 la cause du d\u00e9c\u00e8s accidentel de l\u2019\u00e9l\u00e8ve C\u00e9cile KINDA, ci-devant pensionnaire du Coll\u00e8ge Sainte Bernadette de Kongoussi. Le Mouvement du Peuple pour le Progr\u00e8s (MPP) d\u00e9plore [&hellip;]<\/p>\n","protected":false},"author":1816,"featured_media":0,"comment_status":"closed","ping_status":"closed","sticky":false,"template":"","format":"standard","meta":{"fifu_image_url":"https:\/\/www.sidwaya.info\/wp-content\/uploads\/2021\/05\/MPP.jpg","fifu_image_alt":"Crise scolaire au Burkina : La d\u00e9claration du MPP","footnotes":""},"categories":[73,81],"tags":[],"class_list":["post-116241","post","type-post","status-publish","format-standard","hentry","category-actualite","category-burkina-faso"],"_links":{"self":[{"href":"https:\/\/linitiative.ca\/International\/wp-json\/wp\/v2\/posts\/116241","targetHints":{"allow":["GET"]}}],"collection":[{"href":"https:\/\/linitiative.ca\/International\/wp-json\/wp\/v2\/posts"}],"about":[{"href":"https:\/\/linitiative.ca\/International\/wp-json\/wp\/v2\/types\/post"}],"author":[{"embeddable":true,"href":"https:\/\/linitiative.ca\/International\/wp-json\/wp\/v2\/users\/1816"}],"replies":[{"embeddable":true,"href":"https:\/\/linitiative.ca\/International\/wp-json\/wp\/v2\/comments?post=116241"}],"version-history":[{"count":0,"href":"https:\/\/linitiative.ca\/International\/wp-json\/wp\/v2\/posts\/116241\/revisions"}],"wp:attachment":[{"href":"https:\/\/linitiative.ca\/International\/wp-json\/wp\/v2\/media?parent=116241"}],"wp:term":[{"taxonomy":"category","embeddable":true,"href":"https:\/\/linitiative.ca\/International\/wp-json\/wp\/v2\/categories?post=116241"},{"taxonomy":"post_tag","embeddable":true,"href":"https:\/\/linitiative.ca\/International\/wp-json\/wp\/v2\/tags?post=116241"}],"curies":[{"name":"wp","href":"https:\/\/api.w.org\/{rel}","templated":true}]}}