{"id":116245,"date":"2021-05-05T15:18:01","date_gmt":"2021-05-05T19:18:01","guid":{"rendered":"https:\/\/linitiative.ca\/International\/hugo-broos-nomme-entraineur-des-bafana-bafana\/"},"modified":"2021-05-05T15:18:01","modified_gmt":"2021-05-05T19:18:01","slug":"hugo-broos-nomme-entraineur-des-bafana-bafana","status":"publish","type":"post","link":"https:\/\/linitiative.ca\/International\/hugo-broos-nomme-entraineur-des-bafana-bafana\/","title":{"rendered":"Hugo Broos nomm\u00e9 entra\u00eeneur des Bafana Bafana"},"content":{"rendered":"<div readability=\"32\">\n<p>Publi\u00e9 le 05.05.2021 \u00e0 20h18 par APA News<\/p>\n<\/div>\n<div readability=\"63\">\n<p>La f\u00e9d\u00e9ration sud-africaine de football a nomm\u00e9 le Belge Hugo Broos au poste de s\u00e9lectionneur de l\u2019\u00e9quipe nationale, a appris APA mercredi.Le pr\u00e9sident de la F\u00e9d\u00e9ration sud-africaine de football (SAFA), Danny Jordaan, a annonc\u00e9 la nomination du technicien de 69 ans, qui succ\u00e8de \u00e0 Molefi Ntseki, limog\u00e9 il y a plus d\u2019un mois apr\u00e8s avoir \u00e9chou\u00e9 \u00e0 qualifier les Bafana Bafana \u00e0 la Coupe d\u2019Afrique des Nations 2022 pr\u00e9vue au Cameroun.<\/p>\n<p>Broos a entra\u00een\u00e9 le Cameroun de 2016 \u00e0 2017, remportant la CAN en 2017.<\/p>\n<p>La nomination du Belge fait suite \u00e0 des semaines de report de la part de la SAFA, qui cherche \u00e0 s\u2019attacher les services d\u2019un nouvel entra\u00eeneur pour guider l\u2019\u00e9quipe en vue des prochaines qualifications pour la prochaine Coupe du monde de football.<\/p>\n<p>\u00ab Nous ferons tout ce qui est en notre pouvoir pour que l\u2019\u00e9quipe se qualifie pour la Coupe du monde \u00bb, a d\u00e9clar\u00e9 Broos aux journalistes par vid\u00e9oconf\u00e9rence.<\/p>\n<p>Le nouvel entra\u00eeneur aura pour t\u00e2che imm\u00e9diate de pr\u00e9parer l\u2019\u00e9quipe \u00e0 temps pour le deuxi\u00e8me tour des \u00e9liminatoires de la Coupe du monde de la FIFA, dont le coup d\u2019envoi sera donn\u00e9 en juin.<\/p>\n<p>Les Bafana Bafana ont remport\u00e9 la Coupe d\u2019Afrique des Nations en 1996 lors de leur premi\u00e8re participation, qu\u2019ils ont \u00e9galement organis\u00e9e \u00e0 Johannesburg.<\/p>\n<p>Broos est attendu dans le pays la semaine prochaine.<\/p>\n<\/div>\n<p>Auteur: APA News<br \/>\n<a href=\"https:\/\/www.journalducameroun.com\/hugo-broos-nomme-entraineur-des-bafana-bafana\/\">Cliquez ici pour lire l&rsquo;article depuis sa source.<\/a><\/p>\n","protected":false},"excerpt":{"rendered":"<p>Publi\u00e9 le 05.05.2021 \u00e0 20h18 par APA News La f\u00e9d\u00e9ration sud-africaine de football a nomm\u00e9 le Belge Hugo Broos au poste de s\u00e9lectionneur de l\u2019\u00e9quipe nationale, a appris APA mercredi.Le pr\u00e9sident de la F\u00e9d\u00e9ration sud-africaine de football (SAFA), Danny Jordaan, a annonc\u00e9 la nomination du technicien de 69 ans, qui succ\u00e8de \u00e0 Molefi Ntseki, limog\u00e9 [&hellip;]<\/p>\n","protected":false},"author":1965,"featured_media":0,"comment_status":"closed","ping_status":"closed","sticky":false,"template":"","format":"standard","meta":{"fifu_image_url":"","fifu_image_alt":"","footnotes":""},"categories":[73,82],"tags":[],"class_list":["post-116245","post","type-post","status-publish","format-standard","hentry","category-actualite","category-cameroun"],"_links":{"self":[{"href":"https:\/\/linitiative.ca\/International\/wp-json\/wp\/v2\/posts\/116245","targetHints":{"allow":["GET"]}}],"collection":[{"href":"https:\/\/linitiative.ca\/International\/wp-json\/wp\/v2\/posts"}],"about":[{"href":"https:\/\/linitiative.ca\/International\/wp-json\/wp\/v2\/types\/post"}],"author":[{"embeddable":true,"href":"https:\/\/linitiative.ca\/International\/wp-json\/wp\/v2\/users\/1965"}],"replies":[{"embeddable":true,"href":"https:\/\/linitiative.ca\/International\/wp-json\/wp\/v2\/comments?post=116245"}],"version-history":[{"count":0,"href":"https:\/\/linitiative.ca\/International\/wp-json\/wp\/v2\/posts\/116245\/revisions"}],"wp:attachment":[{"href":"https:\/\/linitiative.ca\/International\/wp-json\/wp\/v2\/media?parent=116245"}],"wp:term":[{"taxonomy":"category","embeddable":true,"href":"https:\/\/linitiative.ca\/International\/wp-json\/wp\/v2\/categories?post=116245"},{"taxonomy":"post_tag","embeddable":true,"href":"https:\/\/linitiative.ca\/International\/wp-json\/wp\/v2\/tags?post=116245"}],"curies":[{"name":"wp","href":"https:\/\/api.w.org\/{rel}","templated":true}]}}