{"id":116247,"date":"2021-05-05T15:19:13","date_gmt":"2021-05-05T19:19:13","guid":{"rendered":"https:\/\/linitiative.ca\/International\/cameroun-seidou-mbombo-njoya-attendu-au-tribunal-ce-6-mai-2021\/"},"modified":"2021-05-05T15:19:13","modified_gmt":"2021-05-05T19:19:13","slug":"cameroun-seidou-mbombo-njoya-attendu-au-tribunal-ce-6-mai-2021","status":"publish","type":"post","link":"https:\/\/linitiative.ca\/International\/cameroun-seidou-mbombo-njoya-attendu-au-tribunal-ce-6-mai-2021\/","title":{"rendered":"Cameroun : Se\u00efdou Mbombo Njoya attendu au tribunal ce 6 mai 2021"},"content":{"rendered":"<div readability=\"32\">\n<p>Publi\u00e9 le 05.05.2021 \u00e0 20h19 par Christian Djimadeu<\/p>\n<\/div>\n<div readability=\"66\">\n<h5 class=\"c9\"><strong>Le pr\u00e9sident par int\u00e9rim de la F\u00e9d\u00e9ration camerounaise de football aurait re\u00e7u le 3 mai dernier une convocation du juge Cyprien Onambele du Tribunal de Premi\u00e8re Instance de Yaound\u00e9-Centre administratif.<\/strong><\/h5>\n<p class=\"c10\">Le patron du football camerounais,\u00a0<strong>Se\u00efdou Mbombo Njoya<\/strong>, attendu au tribunal\u00a0ce jeudi 6 mai 2021. Il doit se pr\u00e9senter au cabinet d\u2019instruction N\u00b0 9 de cette juridiction \u00e0 9 heures pr\u00e9cises. A la suite de la convocation qui lui a \u00e9t\u00e9 servie le par le magistrat <strong>Cyprien Onambele<\/strong> du Tribunal de Premi\u00e8re Instance de Yaound\u00e9-Centre administratif.<\/p>\n<p class=\"c10\">La \u00a0convocation ne pr\u00e9cise cependant pas le motif pour lequel le fils du sultan roi des Bamouns est invit\u00e9 \u00e0 se pr\u00e9senter. Sa casquette de pr\u00e9sident par int\u00e9rim de la f\u00e9d\u00e9ration camerounaise de football n\u2019est nulle part mentionn\u00e9e sur le document.<\/p>\n<p class=\"c10\">Tout laisse n\u00e9anmoins supputer qu\u2019il sera interrog\u00e9 sur sa gestion du football. Quand on sait que certains acteurs lui d\u00e9nient le droit de parler au nom de la f\u00e9d\u00e9ration, en raison de \u00a0l\u2019annulation de son \u00e9lection le 15 janvier dernier par une sentence du \u00a0Tribunal arbitral du sport. Son Comit\u00e9 ex\u00e9cutif et lui avaient \u00e9t\u00e9 maintenus bon gr\u00e9, mal gr\u00e9, par d\u00e9cision de la F\u00e9d\u00e9ration internationale de football association (FIFA). La <strong>FIFA<\/strong> a d\u00e9cid\u00e9 de leur octroyer un statut d\u2019int\u00e9rimaires.<\/p>\n<p class=\"c10\">le 4 mai dernier, les contestataires de cette d\u00e9cision de l\u2019instance faiti\u00e8re mondiale du football, \u00a0r\u00e9unis au sein du <strong>Comit\u00e9 ex\u00e9cutif \u00a0provisoire<\/strong> de la <strong>F\u00e9cafoot<\/strong>, install\u00e9 par quelques acteurs de \u00a0l\u2019assembl\u00e9e \u00a0g\u00e9n\u00e9rale de 2009, ont pris la mesure de radier du football pour une dur\u00e9e de cinq ans, une dizaine de membres de l\u2019ex\u00e9cutif d\u00e9chu, dont Se\u00efdou Mbombo Njoya.<\/p>\n<p class=\"c10\">Le timing de cette radiation et la convocation devant le juge, laisse penser qu\u2019il va s\u2019agir demain au tribunal, de l\u00e9gitimit\u00e9 et l\u00e9galit\u00e9 des dirigeants actuels de la maison du sport roi camerounais.<\/p>\n<\/div>\n<p>Auteur: Christian DJIMADEU<br \/>\n<a href=\"https:\/\/www.journalducameroun.com\/cameroun-seidou-mbombo-njoya-attendu-au-tribunal-ce-6-mai-2021\/\">Cliquez ici pour lire l&rsquo;article depuis sa source.<\/a><\/p>\n","protected":false},"excerpt":{"rendered":"<p>Publi\u00e9 le 05.05.2021 \u00e0 20h19 par Christian Djimadeu Le pr\u00e9sident par int\u00e9rim de la F\u00e9d\u00e9ration camerounaise de football aurait re\u00e7u le 3 mai dernier une convocation du juge Cyprien Onambele du Tribunal de Premi\u00e8re Instance de Yaound\u00e9-Centre administratif. Le patron du football camerounais,\u00a0Se\u00efdou Mbombo Njoya, attendu au tribunal\u00a0ce jeudi 6 mai 2021. Il doit se [&hellip;]<\/p>\n","protected":false},"author":1965,"featured_media":0,"comment_status":"closed","ping_status":"closed","sticky":false,"template":"","format":"standard","meta":{"fifu_image_url":"","fifu_image_alt":"","footnotes":""},"categories":[73,82],"tags":[],"class_list":["post-116247","post","type-post","status-publish","format-standard","hentry","category-actualite","category-cameroun"],"_links":{"self":[{"href":"https:\/\/linitiative.ca\/International\/wp-json\/wp\/v2\/posts\/116247","targetHints":{"allow":["GET"]}}],"collection":[{"href":"https:\/\/linitiative.ca\/International\/wp-json\/wp\/v2\/posts"}],"about":[{"href":"https:\/\/linitiative.ca\/International\/wp-json\/wp\/v2\/types\/post"}],"author":[{"embeddable":true,"href":"https:\/\/linitiative.ca\/International\/wp-json\/wp\/v2\/users\/1965"}],"replies":[{"embeddable":true,"href":"https:\/\/linitiative.ca\/International\/wp-json\/wp\/v2\/comments?post=116247"}],"version-history":[{"count":0,"href":"https:\/\/linitiative.ca\/International\/wp-json\/wp\/v2\/posts\/116247\/revisions"}],"wp:attachment":[{"href":"https:\/\/linitiative.ca\/International\/wp-json\/wp\/v2\/media?parent=116247"}],"wp:term":[{"taxonomy":"category","embeddable":true,"href":"https:\/\/linitiative.ca\/International\/wp-json\/wp\/v2\/categories?post=116247"},{"taxonomy":"post_tag","embeddable":true,"href":"https:\/\/linitiative.ca\/International\/wp-json\/wp\/v2\/tags?post=116247"}],"curies":[{"name":"wp","href":"https:\/\/api.w.org\/{rel}","templated":true}]}}