{"id":116248,"date":"2021-05-05T17:18:02","date_gmt":"2021-05-05T21:18:02","guid":{"rendered":"https:\/\/linitiative.ca\/International\/mali-comment-le-journaliste-francais-a-ete-enleve-a-gao\/"},"modified":"2021-05-05T17:18:02","modified_gmt":"2021-05-05T21:18:02","slug":"mali-comment-le-journaliste-francais-a-ete-enleve-a-gao","status":"publish","type":"post","link":"https:\/\/linitiative.ca\/International\/mali-comment-le-journaliste-francais-a-ete-enleve-a-gao\/","title":{"rendered":"Mali: comment le journaliste fran\u00e7ais a \u00e9t\u00e9 enlev\u00e9 \u00e0 Gao"},"content":{"rendered":"<div readability=\"32\">\n<p>Publi\u00e9 le 05.05.2021 \u00e0 22h18 par APA News<\/p>\n<\/div>\n<div readability=\"130\">\n<p>Tr\u00e8s t\u00f4t inform\u00e9e des faits, l\u2019agence Apa news avait d\u00e9cid\u00e9, en commun accord avec les proches du journaliste fran\u00e7ais qui a annonc\u00e9 dans une vid\u00e9o, hier soir, \u00eatre enlev\u00e9 par des jihadistes \u00e0 Gao d\u00e9but avril, de ne pas rendre compte de son rapt. Explications.On a perdu ses traces le 08 avril quand, en d\u00e9but d\u2019apr\u00e8s-midi, \u00a0il est mont\u00e9 \u00e0 bord d\u2019un v\u00e9hicule tout-terrain venu le chercher devant le Motel Askia, cette petite auberge pris\u00e9e des humanitaires et des journalistes qui se hasardent encore \u00e0 Gao ou dans cette partie tr\u00e8s agit\u00e9e du nord du Mali.\u00a0<\/p>\n<p>Olivier Dubois, 46 ans, journaliste fran\u00e7ais bas\u00e9 \u00e0 Bamako, la capitale, est finalement apparu dans la soir\u00e9e de mardi \u00e0 mercredi dans une courte vid\u00e9o de 21 secondes o\u00f9 il explique avoir \u00e9t\u00e9 kidnapp\u00e9 par le Groupe de soutien \u00e0 l\u2019islam et aux musulmans (GSIM ou Jnim en arabe), n\u00e9buleuse li\u00e9e \u00e0 Al Qaida. Le journaliste de 46 ans, install\u00e9 au Mali depuis 2015, appelle sa famille, ses amis et les autorit\u00e9s fran\u00e7aises \u00e0 utiliser \u00a0\u00abtout ce qui est en leur pouvoir\u00bb pour le faire lib\u00e9rer.<\/p>\n<p>Collaborateur de plusieurs m\u00e9dias fran\u00e7ais dont Le Point et Lib\u00e9ration, Olivier Dubois \u00e9tait arriv\u00e9 \u00e0 Gao le matin m\u00eame \u00e0 bord d\u2019un vol commercial en provenance de Bamako, apr\u00e8s avoir pass\u00e9 un mois dans le centre du Mali pour rendre compte de l\u2019\u00e9volution de la situation dans cette zone th\u00e9\u00e2tre depuis plusieurs ann\u00e9es d\u2019interminables violences inter-communautaires au Mali.\u00a0<\/p>\n<p>Le journaliste dont le carnet d\u2019adresses malien est assez fourni, aussi bien dans les sph\u00e8res du pouvoir \u00e0 Bamako que parmi les rebelles, y compris les jihadistes, s\u2019est rendu \u00e0 Gao pour rencontrer pour une interview un des commandants militaires d\u2019Iyad Ag Ghaly, le chef du Jnim. Cet homme s\u2019appelle Abdallah Ag Al Bakaye. Olivier Dubois est en contact avec lui depuis quelque temps. Ils ont \u00e9t\u00e9 mis en relation par une connaissance commune: Souleymane, un jeune homme originaire de la Talataye, village situ\u00e9 \u00e0 150 kilom\u00e8tres de Gao et dont est originaire le chef militaire jihadiste. Avant de d\u00e9cider de se rendre \u00e0 Gao, le journaliste avait eu des \u00e9changes \u00e9pistolaires avec Abdallah Ag Albakaye qui \u00e9taient transmis \u00e0 l\u2019un et l\u2019autre en mains propres. Un proc\u00e9d\u00e9, th\u00e9oriquement, plus rassurant dans ce genre de situation que des appels ou messages \u00e9crits par t\u00e9l\u00e9phone susceptibles d\u2019\u00eatre intercept\u00e9s.<\/p>\n<p>Dans une de ses lettres adress\u00e9es au journaliste, le \u00a0jihadiste \u00e9crit dans un arabe classique mais truff\u00e9 d\u2019approximations grammaticales pour l\u2019informer qu\u2019il sera \u00e0 Gao le 5 avril \u00ab pour une mission sp\u00e9ciale et secr\u00e8te \u00bb. Abdallah Ag Al Bakkaye sugg\u00e8re \u00e0 Olivier Dubois un entretien d\u2019environ quarante-cinq minutes, dans un appartement en ville appartenant \u00e0 un proche parent. \u00ab Le temps est trop court, mais pour notre s\u00e9curit\u00e9, c\u2019est mieux comme \u00e7a \u00bb, pr\u00e9cise Abdallah Ag Albakaye.<\/p>\n<p>Pourquoi la date du rendez-vous fix\u00e9e initialement au 5 a \u00e9t\u00e9 recul\u00e9e au 8 avril ? Quel devait \u00eatre l\u2019objet de l\u2019interview envisag\u00e9e ? La guerre entre \u00a0les jihadistes de l\u2019Etat islamique dans le Grand Sahara (EIGS) et ceux du Jnim rest\u00e9s fid\u00e8les \u00e0 Al Qa\u00efda ? Les n\u00e9gociations souhait\u00e9es par Bamako avec un certain nombre de jihadistes ? Et pourquoi pas une interview du journaliste avec Iyad Ag Ghali lui-m\u00eame que son lieutenant pourrait faciliter ?<\/p>\n<p>Selon les t\u00e9moignages recueillis par Apa news, une fois parti du Motel Askia, Olivier Dubois s\u2019est rendu dans l\u2019appartement en ville o\u00f9 le commandant du Jnim lui avait donn\u00e9 rendez-vous. Il a ensuite embarqu\u00e9, sans contrainte apparente, \u00e0 bord d\u2019un v\u00e9hicule vers une destination inconnue. Son t\u00e9l\u00e9phone \u00e9tant rest\u00e9 \u00e0 l\u2019auberge, il n\u2019a plus donn\u00e9 signe de vie \u00e0 partir de cet instant.<\/p>\n<p>Deux jours plus tard, son absence est remarqu\u00e9e lorsqu\u2019il est rest\u00e9 invisible \u00e0 l\u2019a\u00e9roport de Gao d\u2019o\u00f9 il devait embarquer pour retourner \u00e0 Bamako. \u00a0Mais sa famille, ses amis et les m\u00e9dias, au courant de son histoire, dont Apa news, avaient d\u00e9cid\u00e9 de ne pas rendre publique sa disparition. Parmi eux, peu se faisaient d\u2019illusions sur cette disparition du journaliste. \u00c9tait-il tomb\u00e9 dans un traquenard qu\u2019il n\u2019a pas pu \u00e9viter malgr\u00e9 l\u2019exp\u00e9rience, la connaissance du pays, les relations d\u2019amiti\u00e9 diverses et le courage comme Apa a pu le constater \u00e0 maintes occasions dans les quariers de Bamako ou sur les routes du Mali ? Son interview souhait\u00e9e avec le chef jihadiste a-t-elle rencontr\u00e9 un souci de logistique impr\u00e9vu. Ils voulaient surtout ne pas compromettre d\u2019\u00e9ventuelles discussions en faveur de sa lib\u00e9ration.<\/p>\n<p>Rest\u00e9 \u00e0 Gao apr\u00e8s la disparition du journaliste fran\u00e7ais, Souleymane qui a jou\u00e9 les interm\u00e9diaires avec le chef jihadiste \u00a0a \u00e9t\u00e9 interrog\u00e9 longuement par les militaires de l\u2019op\u00e9ration antijihadiste fran\u00e7aise Barkhane qui dispose \u00e0 Gao de sa plus grande base au Sahel. Le jeune homme se trouve d\u00e9sormais \u00e0 Bamako, o\u00f9 il est toujours entendu par la police.<\/p>\n<p>Avec cet enl\u00e8vement, Olivier Dubois \u00a0devient l\u2019unique fran\u00e7ais otage dans le Sahel depuis la lib\u00e9ration en octobre dernier de sa compatriote Sophie P\u00e9tronin, enlev\u00e9e fin 2016, \u00e9galement \u00e0 Gao, au Mali.<\/p>\n<\/div>\n<p>Auteur: APA News<br \/>\n<a href=\"https:\/\/www.journalducameroun.com\/mali-comment-le-journaliste-francais-a-ete-enleve-a-gao\/\">Cliquez ici pour lire l&rsquo;article depuis sa source.<\/a><\/p>\n","protected":false},"excerpt":{"rendered":"<p>Publi\u00e9 le 05.05.2021 \u00e0 22h18 par APA News Tr\u00e8s t\u00f4t inform\u00e9e des faits, l\u2019agence Apa news avait d\u00e9cid\u00e9, en commun accord avec les proches du journaliste fran\u00e7ais qui a annonc\u00e9 dans une vid\u00e9o, hier soir, \u00eatre enlev\u00e9 par des jihadistes \u00e0 Gao d\u00e9but avril, de ne pas rendre compte de son rapt. Explications.On a perdu [&hellip;]<\/p>\n","protected":false},"author":1965,"featured_media":0,"comment_status":"closed","ping_status":"closed","sticky":false,"template":"","format":"standard","meta":{"fifu_image_url":"","fifu_image_alt":"","footnotes":""},"categories":[73,82],"tags":[],"class_list":["post-116248","post","type-post","status-publish","format-standard","hentry","category-actualite","category-cameroun"],"_links":{"self":[{"href":"https:\/\/linitiative.ca\/International\/wp-json\/wp\/v2\/posts\/116248","targetHints":{"allow":["GET"]}}],"collection":[{"href":"https:\/\/linitiative.ca\/International\/wp-json\/wp\/v2\/posts"}],"about":[{"href":"https:\/\/linitiative.ca\/International\/wp-json\/wp\/v2\/types\/post"}],"author":[{"embeddable":true,"href":"https:\/\/linitiative.ca\/International\/wp-json\/wp\/v2\/users\/1965"}],"replies":[{"embeddable":true,"href":"https:\/\/linitiative.ca\/International\/wp-json\/wp\/v2\/comments?post=116248"}],"version-history":[{"count":0,"href":"https:\/\/linitiative.ca\/International\/wp-json\/wp\/v2\/posts\/116248\/revisions"}],"wp:attachment":[{"href":"https:\/\/linitiative.ca\/International\/wp-json\/wp\/v2\/media?parent=116248"}],"wp:term":[{"taxonomy":"category","embeddable":true,"href":"https:\/\/linitiative.ca\/International\/wp-json\/wp\/v2\/categories?post=116248"},{"taxonomy":"post_tag","embeddable":true,"href":"https:\/\/linitiative.ca\/International\/wp-json\/wp\/v2\/tags?post=116248"}],"curies":[{"name":"wp","href":"https:\/\/api.w.org\/{rel}","templated":true}]}}