{"id":116249,"date":"2021-05-05T12:00:32","date_gmt":"2021-05-05T16:00:32","guid":{"rendered":"https:\/\/linitiative.ca\/International\/marche-du-travail-les-gisements-demplois-a-explorer-en-2021\/"},"modified":"2021-05-05T12:00:32","modified_gmt":"2021-05-05T16:00:32","slug":"marche-du-travail-les-gisements-demplois-a-explorer-en-2021","status":"publish","type":"post","link":"https:\/\/linitiative.ca\/International\/marche-du-travail-les-gisements-demplois-a-explorer-en-2021\/","title":{"rendered":"March\u00e9 du travail : les gisements d\u2019emplois \u00e0 explorer en 2021"},"content":{"rendered":"<p>500 000 emplois d\u00e9cents cr\u00e9\u00e9s. C\u2019est l\u2019objectif que le gouvernement voudrait atteindre en 2021 en mati\u00e8re d\u2019emploi et de formation professionnelle. Pour ce faire, les analystes sugg\u00e8rent qu\u2019un accent soit mis sur le d\u00e9veloppement du capital humain et du num\u00e9rique, la promotion de la production locale et du patriotisme \u00e9conomique, et enfin l\u2019acc\u00e9l\u00e9ration du processus de transformation structurelle \u00e0 travers l\u2019industrialisation.<\/p>\n<p>L\u2019on pense ainsi qu\u2019une am\u00e9lioration de la production primaire pourrait soutenir une industrialisation ax\u00e9e sur l\u2019agro-alimentaire. Dans ce cadre, les pouvoirs publics envisagent la poursuite des activit\u00e9s relatives \u00e0 la m\u00e9canisation agricole et la promotion de l\u2019emploi coop\u00e9ratif \u00e0 travers la cr\u00e9ation des interprofessions agricoles.<\/p>\n<p><strong>Lire aussi<\/strong> : <strong><a href=\"https:\/\/ecomatin.net\/creation-demplois-les-crises-etouffent-219-000-espoirs-demplois-en-2020\/\">Cr\u00e9ation d\u2019emplois : les crises \u00e9touffent 219 000 espoirs d\u2019emplois en 2020<\/a><\/strong><\/p>\n<p>Selon les analystes de l\u2019Observatoire national de l\u2019emploi et de la formation professionnelle (Onefop), les insertions professionnelles seraient plus \u00e9lev\u00e9es au niveau du secteur secondaire, avec un taux de croissance annuel estim\u00e9 \u00e0 20%. Les opportunit\u00e9s d\u2019emplois seront observ\u00e9es dans les industries agro-alimentaires avec la bonne tenue des industries brassicoles avec l\u2019entr\u00e9e en activit\u00e9 de nouveaux op\u00e9rateurs ; les BTP, en raison de la poursuite des grands travaux routiers, la construction des barrages, la construction des logements sociaux et des infrastructures sportives ; les travaux d\u2019entretien et de r\u00e9novation des infrastructures de production d\u2019\u00e9nergie ; un accent particulier sera mis sur le d\u00e9veloppement des infrastructures h\u00f4teli\u00e8res, \u00e0 travers la poursuite des travaux de construction, de r\u00e9habilitation ou d\u2019extension des h\u00f4tels, dans les diff\u00e9rents sites de la Coupe d\u2019Afrique des Nations de football (CAN) en 2022.<\/p>\n<p>Au niveau du secteur tertiaire, les insertions professionnelles vont s\u2019accentuer dans la transformation digitale de l\u2019\u00e9conomie avec la densification du r\u00e9seau et des infrastructures de t\u00e9l\u00e9communications ; le commerce g\u00e9n\u00e9ral ainsi que dans les branches des biens et services.<\/p>\n<p><strong>330 000 emplois en 2020<\/strong><\/p>\n<p>La Note de conjoncture sur l\u2019emploi au Cameroun en 2020, publi\u00e9e par l\u2019Onefop en f\u00e9vrier 2021, renseigne que l\u2019\u00e9conomie moderne a g\u00e9n\u00e9r\u00e9 plus de 330 000 emplois l\u2019ann\u00e9e derni\u00e8re. Ces emplois ont \u00e9t\u00e9 principalement cr\u00e9\u00e9s par les projets et programmes du budget d\u2019investissement public (BIP), soit 187 393 emplois (56,6%), les entreprises, pour 75 654 emplois (22,9%), le service public d\u2019emploi, avec 16 714 emplois (5,1%), les projets et programmes d\u2019insertion pour 15 353 emplois (4,6%), les coop\u00e9ratives, avec 11 574 emplois (3,5%), les collectivit\u00e9s territoriales d\u00e9centralis\u00e9es, pour 11 244 emplois (3,4%), l\u2019administration publique, avec 10 526 emplois (3,2%) et les ONG, pour 2445 emplois (0,7%).<\/p>\n<p><strong>Lire aussi<\/strong> : <strong><a href=\"https:\/\/ecomatin.net\/marche-du-travail-le-secteur-informel-premier-employeur-au-moins-jusquen-2020\/\">March\u00e9 du travail : le secteur informel, premier employeur au moins jusqu\u2019en 2020<\/a><\/strong><\/p>\n<p>Au niveau des entreprises sp\u00e9cifiquement, les emplois cr\u00e9\u00e9s se sont concentr\u00e9s plus dans les branches agriculture, \u00e9levage, p\u00eache, sylviculture et exploitation foresti\u00e8re soit 29% des offres, ensuite dans les branches commerce de gros et de d\u00e9tail, restaurants et h\u00f4tels (26,4%) puis transport, entrep\u00f4t, communication et activit\u00e9s connexes (22,5%).<\/p>\n<p>Par ailleurs, on assiste progressivement \u00e0 une r\u00e9gionalisation des emplois dans le secteur moderne de l\u2019\u00e9conomie. Ainsi, les r\u00e9gions du Centre, du Sud-Ouest et du Littoral concentrent plus de 50% de cr\u00e9ation d\u2019emploi en 2020. La r\u00e9gion du Centre assure le lead avec 33,2% d\u2019emplois cr\u00e9\u00e9s, suivie du Sud-Ouest (17%) et du Littoral (14,1%). Ce trio est suivi par la r\u00e9gion du Nord (10,4%), l\u2019Extr\u00eame-Nord (6,9%), l\u2019Ouest (5,7%). Les r\u00e9gions de l\u2019Adamaoua et du Sud repr\u00e9sentent chacune 3,8% des emplois cr\u00e9\u00e9s, un peu plus que l\u2019Est (2,9%). Avec seulement 2,1% d\u2019emplois cr\u00e9\u00e9s, la r\u00e9gion du Nord-ouest n\u2019aura pas connu une forte cr\u00e9ation d\u2019emploi en 2020 qui peut se justifier par la crise s\u00e9curitaire tr\u00e8s accentu\u00e9e dans cette r\u00e9gion.<\/p>\n<p><strong>Lire aussi<\/strong> : <strong><a href=\"https:\/\/ecomatin.net\/cameroun-270-000-emplois-perdus-en-2020-a-cause-de-la-covid-19\/\">Cameroun : 270 000 emplois perdus en 2020 \u00e0 cause de la Covid-19<\/a><\/strong><\/p>\n<p>Auteur: Philipe NSOA<br \/>\n<a href=\"https:\/\/ecomatin.net\/marche-du-travail-les-gisements-demplois-a-explorer-en-2021\/\">Cliquez ici pour lire l&rsquo;article depuis sa source.<\/a><\/p>\n","protected":false},"excerpt":{"rendered":"<p>500 000 emplois d\u00e9cents cr\u00e9\u00e9s. C\u2019est l\u2019objectif que le gouvernement voudrait atteindre en 2021 en mati\u00e8re d\u2019emploi et de formation professionnelle. Pour ce faire, les analystes sugg\u00e8rent qu\u2019un accent soit mis sur le d\u00e9veloppement du capital humain et du num\u00e9rique, la promotion de la production locale et du patriotisme \u00e9conomique, et enfin l\u2019acc\u00e9l\u00e9ration du processus [&hellip;]<\/p>\n","protected":false},"author":1969,"featured_media":0,"comment_status":"closed","ping_status":"closed","sticky":false,"template":"","format":"standard","meta":{"fifu_image_url":"","fifu_image_alt":"","footnotes":""},"categories":[82,78],"tags":[],"class_list":["post-116249","post","type-post","status-publish","format-standard","hentry","category-cameroun","category-economie"],"_links":{"self":[{"href":"https:\/\/linitiative.ca\/International\/wp-json\/wp\/v2\/posts\/116249","targetHints":{"allow":["GET"]}}],"collection":[{"href":"https:\/\/linitiative.ca\/International\/wp-json\/wp\/v2\/posts"}],"about":[{"href":"https:\/\/linitiative.ca\/International\/wp-json\/wp\/v2\/types\/post"}],"author":[{"embeddable":true,"href":"https:\/\/linitiative.ca\/International\/wp-json\/wp\/v2\/users\/1969"}],"replies":[{"embeddable":true,"href":"https:\/\/linitiative.ca\/International\/wp-json\/wp\/v2\/comments?post=116249"}],"version-history":[{"count":0,"href":"https:\/\/linitiative.ca\/International\/wp-json\/wp\/v2\/posts\/116249\/revisions"}],"wp:attachment":[{"href":"https:\/\/linitiative.ca\/International\/wp-json\/wp\/v2\/media?parent=116249"}],"wp:term":[{"taxonomy":"category","embeddable":true,"href":"https:\/\/linitiative.ca\/International\/wp-json\/wp\/v2\/categories?post=116249"},{"taxonomy":"post_tag","embeddable":true,"href":"https:\/\/linitiative.ca\/International\/wp-json\/wp\/v2\/tags?post=116249"}],"curies":[{"name":"wp","href":"https:\/\/api.w.org\/{rel}","templated":true}]}}