{"id":116250,"date":"2021-05-05T12:19:00","date_gmt":"2021-05-05T16:19:00","guid":{"rendered":"https:\/\/linitiative.ca\/International\/offres-demplois-le-cameroun-en-panne-de-main-doeuvre-qualifiee\/"},"modified":"2021-05-05T12:19:00","modified_gmt":"2021-05-05T16:19:00","slug":"offres-demplois-le-cameroun-en-panne-de-main-doeuvre-qualifiee","status":"publish","type":"post","link":"https:\/\/linitiative.ca\/International\/offres-demplois-le-cameroun-en-panne-de-main-doeuvre-qualifiee\/","title":{"rendered":"Offres d\u2019emplois : le Cameroun en panne de main d\u2019\u0153uvre qualifi\u00e9e"},"content":{"rendered":"<p>Selon les pr\u00e9visionnistes du gouvernement, la croissance \u00e9conomique devrait s\u2019\u00e9tablir \u00e0 3,1% en 2021, contre -2,6% en 2020, sous l\u2019hypoth\u00e8se d\u2019une ma\u00eetrise de la pand\u00e9mie de la Covid-19, d\u2019une reprise progressive de l\u2019activit\u00e9 \u00e9conomique et d\u2019une l\u00e9g\u00e8re remont\u00e9e du cours du p\u00e9trole \u00e0 37,87 dollars le baril. Cette embellie devrait s\u2019accompagner d\u2019une cr\u00e9ation de nombreux emplois ; au moins 500 000, selon le gouvernement. De quoi donner le sourire aux milliers de chercheurs d\u2019emplois qui peuplent les quatre coins du pays. M\u00eame s\u2019il n\u2019est pas certain que toutes les offres d\u2019emplois trouvent preneurs, faute d\u2019une main d\u2019\u0153uvre technique et qualifi\u00e9e.<\/p>\n<p>L\u2019Observatoire national de l\u2019emploi et de la formation professionnelle (Onefop) souligne que l\u2019analyse des offres d\u2019emplois montre que le secteur moderne de l\u2019\u00e9conomie camerounais n\u00e9cessite davantage des techniciens, ouvriers qualifi\u00e9s et man\u0153uvre (Agent d\u2019ex\u00e9cution) (45%). Ceci pour booster l\u2019agriculture industrielle et d\u2019exportation, rendre dynamique l\u2019activit\u00e9 sylvicole, mettre en \u0153uvre les grands projets d\u2019infrastructures \u00e9nerg\u00e9tiques et routiers du pays.<\/p>\n<p><strong>Lire aussi<\/strong> : <strong><a href=\"https:\/\/ecomatin.net\/creation-demplois-les-crises-etouffent-219-000-espoirs-demplois-en-2020\/\">Cr\u00e9ation d\u2019emplois : les crises \u00e9touffent 219 000 espoirs d\u2019emplois en 2020<\/a><\/strong><\/p>\n<p>En effet, l\u2019enseignement technique et professionnel qui permet de se doter de comp\u00e9tences utilisables imm\u00e9diatement sur le march\u00e9 du travail repr\u00e9sente autour de 20% des effectifs du cycle secondaire (21,82% en 2019). Mais, la formation technique professionnelle n\u2019est pas en \u00e9troite ad\u00e9quation avec les besoins du march\u00e9 du travail. Les \u00e9tablissements d\u2019enseignement professionnel se concentrent sur quelques fili\u00e8res telles que le b\u00e2timent (environ 25% du total des effectifs), au d\u00e9triment d\u2019autres secteurs importants de l\u2019\u00e9conomie comme le tourisme (3% des effectifs) et l\u2019agriculture (moins de 1%).<\/p>\n<p>M\u00eame au niveau de l\u2019enseignement sup\u00e9rieur, la r\u00e9partition des \u00e9tudiants par discipline laisse supposer un d\u00e9calage par rapport aux besoins de l\u2019\u00e9conomie camerounaise. Exception faite des \u00e9coles normales, les fili\u00e8res strat\u00e9giques ne repr\u00e9sentent que 5% des effectifs (cycle d\u2019ing\u00e9nieur) et 2% (\u00e9tudes m\u00e9dicales) alors que le gros des effectifs se concentre dans les fili\u00e8res \u00abEconomie et gestion\u00bb (26%), \u00abDroit\u00bb (24%), \u00abSciences\u00bb (22%), \u00abSciences humaines\u00bb (20%).<\/p>\n<p><strong>Apprentissage<\/strong><\/p>\n<p>Conscient de cette situation, le gouvernement a opt\u00e9 pour la multiplication des projets \u00e0 haute intensit\u00e9 de main d\u2019\u0153uvre, la promotion de la transformation locale des produits agricoles et de l\u2019\u00e9levage et l\u2019appui aux PME. Objectif: am\u00e9liorer l\u2019employabilit\u00e9 des jeunes \u00e0 travers l\u2019accroissement de l\u2019offre de formation technique et professionnelle en coh\u00e9rence avec les r\u00e9alit\u00e9s locales.<\/p>\n<p><strong>Lire aussi<\/strong> : <strong><a href=\"https:\/\/ecomatin.net\/marche-du-travail-le-secteur-informel-premier-employeur-au-moins-jusquen-2020\/\">March\u00e9 du travail : le secteur informel, premier employeur au moins jusqu\u2019en 2020<\/a><\/strong><\/p>\n<p>Ainsi, il est envisag\u00e9 l\u2019ach\u00e8vement des travaux de construction et d\u2019\u00e9quipement des Centres de Formation aux M\u00e9tiers non agricoles \u00e0 Bandjoun, Ndop, Ebebda, Maroua, Ngaound\u00e9r\u00e9 et Bertoua ; de construire des Centres de Formation Professionnelle Sectoriels en Maintenance Industrielle, Transport et Logistique \u00e0 Ed\u00e9a, ainsi qu\u2019en Agroalimentaire \u00e0 Douala; de mettre en service le Centre de Formation aux M\u00e9tiers de Nanga-Eboko ; de d\u00e9velopper le Centre de Formation Professionnelle Rapide des M\u00e9tiers Industriels de Pitoa.<\/p>\n<p>Selon l\u2019annuaire statistique de l\u2019emploi et la formation professionnelle 2020, 52 792 apprenants \u00e9taient inscrits dans les 1477 centres de de formation professionnelle autoris\u00e9s. Des effectifs qui montrent que la formation professionnelle n\u2019est pas encore tr\u00e8s r\u00e9pandue au Cameroun. Ainsi, l\u2019apprentissage, qui permet de fournir efficacement une formation v\u00e9ritablement adapt\u00e9e aux besoins du secteur priv\u00e9, ne se fait jusqu\u2019\u00e0 pr\u00e9sent que de mani\u00e8re informelle, en l\u2019absence d\u2019un cadre juridique permettant aux entreprises de nouer des partenariats avec des centres de formation. En cons\u00e9quence, la plupart des jeunes ne re\u00e7oivent pas de formation professionnelle et, le cas \u00e9ch\u00e9ant, celle-ci se fait essentiellement en cours d\u2019emploi.<\/p>\n<p><strong>Lire aussi<\/strong> : <strong><a href=\"https:\/\/ecomatin.net\/cameroun-270-000-emplois-perdus-en-2020-a-cause-de-la-covid-19\/\">Cameroun : 270 000 emplois perdus en 2020 \u00e0 cause de la Covid-19<\/a><\/strong><\/p>\n<p>La pr\u00e9dominance de relations d\u2019apprentissage informelles, a amen\u00e9 le gouvernement \u00e0 adopter un document de strat\u00e9gie de la formation professionnelle qui s\u2019articule autour du Plan d\u00e9cennal de d\u00e9veloppement de la formation professionnelle pour la p\u00e9riode 2014- 2024. Ce plan a pour but de mettre sur pied un syst\u00e8me d\u2019apprentissage plus efficace, qui permettra \u00e0 terme, de se rapprocher de l\u2019objectif de 200 000 ing\u00e9nieurs et techniciens form\u00e9s par an et pr\u00eates \u00e0 l\u2019emploi; alors que la formation professionnelle classique, n\u2019offre actuellement que moins de 50 000 places \u00e0 l\u2019\u00e9chelle nationale.<\/p>\n<p>Auteur: Philipe NSOA<br \/>\n<a href=\"https:\/\/ecomatin.net\/offres-demplois-le-cameroun-en-panne-de-main-doeuvre-qualifiee\/\">Cliquez ici pour lire l&rsquo;article depuis sa source.<\/a><\/p>\n","protected":false},"excerpt":{"rendered":"<p>Selon les pr\u00e9visionnistes du gouvernement, la croissance \u00e9conomique devrait s\u2019\u00e9tablir \u00e0 3,1% en 2021, contre -2,6% en 2020, sous l\u2019hypoth\u00e8se d\u2019une ma\u00eetrise de la pand\u00e9mie de la Covid-19, d\u2019une reprise progressive de l\u2019activit\u00e9 \u00e9conomique et d\u2019une l\u00e9g\u00e8re remont\u00e9e du cours du p\u00e9trole \u00e0 37,87 dollars le baril. Cette embellie devrait s\u2019accompagner d\u2019une cr\u00e9ation de nombreux [&hellip;]<\/p>\n","protected":false},"author":1969,"featured_media":0,"comment_status":"closed","ping_status":"closed","sticky":false,"template":"","format":"standard","meta":{"fifu_image_url":"","fifu_image_alt":"","footnotes":""},"categories":[82,78],"tags":[],"class_list":["post-116250","post","type-post","status-publish","format-standard","hentry","category-cameroun","category-economie"],"_links":{"self":[{"href":"https:\/\/linitiative.ca\/International\/wp-json\/wp\/v2\/posts\/116250","targetHints":{"allow":["GET"]}}],"collection":[{"href":"https:\/\/linitiative.ca\/International\/wp-json\/wp\/v2\/posts"}],"about":[{"href":"https:\/\/linitiative.ca\/International\/wp-json\/wp\/v2\/types\/post"}],"author":[{"embeddable":true,"href":"https:\/\/linitiative.ca\/International\/wp-json\/wp\/v2\/users\/1969"}],"replies":[{"embeddable":true,"href":"https:\/\/linitiative.ca\/International\/wp-json\/wp\/v2\/comments?post=116250"}],"version-history":[{"count":0,"href":"https:\/\/linitiative.ca\/International\/wp-json\/wp\/v2\/posts\/116250\/revisions"}],"wp:attachment":[{"href":"https:\/\/linitiative.ca\/International\/wp-json\/wp\/v2\/media?parent=116250"}],"wp:term":[{"taxonomy":"category","embeddable":true,"href":"https:\/\/linitiative.ca\/International\/wp-json\/wp\/v2\/categories?post=116250"},{"taxonomy":"post_tag","embeddable":true,"href":"https:\/\/linitiative.ca\/International\/wp-json\/wp\/v2\/tags?post=116250"}],"curies":[{"name":"wp","href":"https:\/\/api.w.org\/{rel}","templated":true}]}}