{"id":116253,"date":"2021-05-05T13:50:27","date_gmt":"2021-05-05T17:50:27","guid":{"rendered":"https:\/\/linitiative.ca\/International\/ecomatin-a-la-sodecoton\/"},"modified":"2021-05-05T13:50:27","modified_gmt":"2021-05-05T17:50:27","slug":"ecomatin-a-la-sodecoton","status":"publish","type":"post","link":"https:\/\/linitiative.ca\/International\/ecomatin-a-la-sodecoton\/","title":{"rendered":"EcoMatin \u00e0 la Sodecoton"},"content":{"rendered":"<p>Du 19 au 22 avril dernier,\u00a0\u00a0la Soci\u00e9t\u00e9 de d\u00e9veloppement du coton (Sodecoton), a accueilli dans ses locaux les hommes de m\u00e9dias. Parmi les invit\u00e9s de cette agro-industrie, EcoMatin, repr\u00e9sent\u00e9 par son Directeur de publication Emile Fidieck. Cette rencontre a permis aux hommes des m\u00e9dias de d\u00e9couvrir et de s\u2019impr\u00e9gner aux diff\u00e9rents processus de production\u00a0de cette entreprise, qui d\u00e9veloppe ses activit\u00e9s dans les domaines du coton et de l\u2019huilerie.<\/p>\n<p>Durant trois jours, ces derniers ont eu l\u2019occasion de visiter les diff\u00e9rentes usines de la Sodecoton situ\u00e9es \u00e0 Garoua. Le Directeur de publication en a profit\u00e9 pour \u00e9changer avec le top management de la structure dont son Directeur g\u00e9n\u00e9ral\u00a0MOHAMADOU BAYERO.<\/p>\n<p><strong>Lire aussi<\/strong> : <strong><a href=\"https:\/\/ecomatin.net\/le-bilan-a-mi-parcours-du-plan-de-redressement-de-la-sodecoton-affiche-des-performances-reluisantes\/\">Le bilan \u00e0 mi-parcours du plan de redressement de la Sodecoton affiche des performances reluisantes<\/a><\/strong><\/p>\n<p>Pour revenir sur les performances de l\u2019entreprise,\u00a0elle a r\u00e9alis\u00e9 un chiffre d\u2019affaires de 148 milliards de F durant la campagne cotonni\u00e8re 2020-2021, contre 157 milliards de F lors de la pr\u00e9c\u00e9dente campagne. Soit une baisse de 5,7% correspondant \u00e0 un diff\u00e9rentiel de 9 milliards de F. Toujours au cours de cette campagne, la Sodecoton a enregistr\u00e9 une hausse de sa production de coton graine, qui est pass\u00e9e de 328 448 tonnes lors de la campagne 2018-2019 \u00e0 342.000 en 2019-2020, quoique son objectif de 350.000 tonnes n\u2019a pas \u00e9t\u00e9 atteint pour cette campagne. Elle avait \u00e9galement pr\u00e9vu d\u2019\u00e9tendre sa surface cultivable \u00e0 250.000 hectares en 2020, mais n\u2019a pu exploiter que 225.831 hectares pour un rendement de 1.510kg\/ha. Au cours de la campagne 2021-2022 qui vient d\u2019\u00eatre lanc\u00e9e, la Sodecoton ambitionne d\u2019\u00e9tendre ses terres \u00e0 259.000ha, pour une production de 375.000 tonnes.<\/p>\n<p><strong>Lire aussi<\/strong> : <strong><a href=\"https:\/\/ecomatin.net\/la-sodecoton-va-investir-1245-milliard-de-fcfa-pour-fairee-face-aux-delestages\/\">La Sodecoton va investir 1,245 milliard de Fcfa pour faire face aux d\u00e9lestages<\/a><\/strong><\/p>\n<p>Rappelons que la Sodecoton a \u00e9t\u00e9 cr\u00e9\u00e9\u00a0\u00a0le 10 mai 1974. Elle voit le jour sous l\u2019impulsion du gouvernement dans l\u2019optique d\u2019une part d\u2019am\u00e9liorer les conditions de vie des populations de la r\u00e9gion du Grand-Nord qui ont pour activit\u00e9 principale la culture du coton et d\u2019autre part faire du coton un autre levier de l\u2019\u00e9conomie camerounaise.<\/p>\n<p>Auteur: Cindy MBALA<br \/>\n<a href=\"https:\/\/ecomatin.net\/ecomatin-a-la-sodecoton\/\">Cliquez ici pour lire l&rsquo;article depuis sa source.<\/a><\/p>\n","protected":false},"excerpt":{"rendered":"<p>Du 19 au 22 avril dernier,\u00a0\u00a0la Soci\u00e9t\u00e9 de d\u00e9veloppement du coton (Sodecoton), a accueilli dans ses locaux les hommes de m\u00e9dias. Parmi les invit\u00e9s de cette agro-industrie, EcoMatin, repr\u00e9sent\u00e9 par son Directeur de publication Emile Fidieck. Cette rencontre a permis aux hommes des m\u00e9dias de d\u00e9couvrir et de s\u2019impr\u00e9gner aux diff\u00e9rents processus de production\u00a0de cette [&hellip;]<\/p>\n","protected":false},"author":1969,"featured_media":0,"comment_status":"closed","ping_status":"closed","sticky":false,"template":"","format":"standard","meta":{"fifu_image_url":"","fifu_image_alt":"","footnotes":""},"categories":[82,78],"tags":[],"class_list":["post-116253","post","type-post","status-publish","format-standard","hentry","category-cameroun","category-economie"],"_links":{"self":[{"href":"https:\/\/linitiative.ca\/International\/wp-json\/wp\/v2\/posts\/116253","targetHints":{"allow":["GET"]}}],"collection":[{"href":"https:\/\/linitiative.ca\/International\/wp-json\/wp\/v2\/posts"}],"about":[{"href":"https:\/\/linitiative.ca\/International\/wp-json\/wp\/v2\/types\/post"}],"author":[{"embeddable":true,"href":"https:\/\/linitiative.ca\/International\/wp-json\/wp\/v2\/users\/1969"}],"replies":[{"embeddable":true,"href":"https:\/\/linitiative.ca\/International\/wp-json\/wp\/v2\/comments?post=116253"}],"version-history":[{"count":0,"href":"https:\/\/linitiative.ca\/International\/wp-json\/wp\/v2\/posts\/116253\/revisions"}],"wp:attachment":[{"href":"https:\/\/linitiative.ca\/International\/wp-json\/wp\/v2\/media?parent=116253"}],"wp:term":[{"taxonomy":"category","embeddable":true,"href":"https:\/\/linitiative.ca\/International\/wp-json\/wp\/v2\/categories?post=116253"},{"taxonomy":"post_tag","embeddable":true,"href":"https:\/\/linitiative.ca\/International\/wp-json\/wp\/v2\/tags?post=116253"}],"curies":[{"name":"wp","href":"https:\/\/api.w.org\/{rel}","templated":true}]}}