{"id":116254,"date":"2021-05-06T09:00:51","date_gmt":"2021-05-06T13:00:51","guid":{"rendered":"https:\/\/linitiative.ca\/International\/il-visera-18-entites-de-la-region-de-laayoune-injaz-al-maghrib-lance-une-formation-au-profit-des-cooperatives\/"},"modified":"2021-05-06T09:00:51","modified_gmt":"2021-05-06T13:00:51","slug":"il-visera-18-entites-de-la-region-de-laayoune-injaz-al-maghrib-lance-une-formation-au-profit-des-cooperatives","status":"publish","type":"post","link":"https:\/\/linitiative.ca\/International\/il-visera-18-entites-de-la-region-de-laayoune-injaz-al-maghrib-lance-une-formation-au-profit-des-cooperatives\/","title":{"rendered":"Il visera 18 entit\u00e9s de la r\u00e9gion de La\u00e2youne : Injaz Al Maghrib lance une formation  au profit des coop\u00e9ratives"},"content":{"rendered":"<figure class=\"post-thumbnail\" itemprop=\"associatedMedia\" itemscope=\"itemscope\" itemtype=\"http:\/\/schema.org\/ImageObject\"><img decoding=\"async\" class=\"post_layout_5_img\" src=\"http:\/\/aujourdhui.ma\/wp-content\/uploads\/2021\/05\/Laayoune-Sakia-El-Hamra.jpg\" alt=\"Il visera 18 entit\u00e9s de la r\u00e9gion de La\u00e2youne : Injaz Al Maghrib lance une formation au profit des coop\u00e9ratives\"\/><\/figure>\n<p><span class=\"c7\"><strong>Injaz Al Maghrib lance un programme de formation et d\u2019accompagnement de coop\u00e9ratives cibles dans les provinces de La\u00e2youne, Tarfaya et Boujdour permettant le renforcement de leurs capacit\u00e9s et le d\u00e9veloppement de leurs activit\u00e9s.<\/strong><\/span><span id=\"more-375776\"\/><\/p>\n<p>Dans les d\u00e9tails, l\u2019Economie sociale et solidaire (ESS) repr\u00e9sente un secteur \u00e0 fort potentiel qui, par son d\u00e9veloppement, permettra de contribuer \u00e0 lutter efficacement contre la pauvret\u00e9 et la vuln\u00e9rabilit\u00e9, \u00e0 cr\u00e9er des opportunit\u00e9s d\u2019emplois et \u00e0 organiser le secteur informel.<br \/>En 2019, l\u2019association Injaz Al Maghrib, association \u00e0 but non lucratif reconnue d\u2019utilit\u00e9 publique, a men\u00e9 une \u00e9tude de diagnostic des organismes de l\u2019Economie sociale et solidaire ESS pour relever les principales contraintes du secteur et pour pouvoir y rem\u00e9dier \u00e0 travers la formation et un accompagnement adapt\u00e9 aux besoins de chaque structure.<\/p>\n<p>La faiblesse structurelle constat\u00e9e des activit\u00e9s entra\u00eene des difficult\u00e9s \u00e0 se p\u00e9renniser et \u00e0 s\u2019institutionnaliser ainsi qu\u2019\u00e0 jouer le r\u00f4le de v\u00e9ritable acteur \u00e9conomique \u00e0 travers la cr\u00e9ation d\u2019emplois et de richesses. Afin de contribuer au d\u00e9veloppement du secteur ESS, Injaz Al Maghrib souhaite, dans le cadre de son partenariat avec une grande entreprise, mettre en \u0153uvre un programme adapt\u00e9 \u00e0 18 coop\u00e9ratives cibles dans les provinces de La\u00e2youne, Tarfaya (Akfennir\/Tah) et Boujdour permettant le renforcement de leurs capacit\u00e9s et le d\u00e9veloppement de leurs activit\u00e9s. Pour se faire, celle-ci a lanc\u00e9 r\u00e9cemment un appel \u00e0 consultation pour le d\u00e9veloppement et la mise en \u0153uvre d\u2019un programme de formation et d\u2019accompagnement de coop\u00e9ratives cibles et qui se d\u00e9roulera en deux phases : la premi\u00e8re portera sur l\u2019\u00e9tablissement d\u2019un diagnostic pour identifier les besoins techniques, financiers, juridiques des coop\u00e9ratives cibles pour la mise \u00e0 niveau et la p\u00e9rennit\u00e9 de l\u2019activit\u00e9, en concertation avec les acteurs de l\u2019\u00e9conomie sociale et solidaire.<\/p>\n<p>Et la seconde portera sur la proposition d\u2019un accompagnement ad\u00e9quat comprenant un plan de formation et un guide de formation adapt\u00e9 aux besoins identifi\u00e9s pour assurer un accompagnement et un suivi adapt\u00e9s aux besoins des coop\u00e9ratives cibles.<br \/>Ainsi, il sera proc\u00e9d\u00e9 \u00e0 la mise en place en coordination avec chaque coop\u00e9rative cible d\u2019un plan d\u2019action portant sur ses besoins en formation et en accompagnement et pr\u00e9sentant l\u2019ensemble des activit\u00e9s \u00e0 r\u00e9aliser, les responsables d\u2019ex\u00e9cution, les \u00e9ch\u00e9ances, les indicateurs de suivi et de performance, les parties prenantes potentielles des programmes.<\/p>\n<p>Chaque coop\u00e9rative sera accompagn\u00e9e pour mettre en place les proc\u00e9dures organisationnelles et de gestion n\u00e9cessaires \u00e0 l\u2019am\u00e9lioration de sa productivit\u00e9, de sa communication et de son rendement. L\u2019accompagnement sera r\u00e9alis\u00e9 sous forme d\u2019ateliers pratiques mensuels, sur une p\u00e9riode de 6 mois, suite aux formations d\u00e9ploy\u00e9es. Un suivi bimensuel sera assur\u00e9 \u00e0 distance pour appuyer et accompagner la r\u00e9alisation du plan d\u2019action.<\/p>\n<p>Auteur: Mohamed Laabid<br \/>\n<a href=\"https:\/\/aujourdhui.ma\/economie\/il-visera-18-entites-de-la-region-de-laayoune-injaz-al-maghrib-lance-une-formation-au-profit-des-cooperatives\">Cliquez ici pour lire l&rsquo;article depuis sa source.<\/a><\/p>\n","protected":false},"excerpt":{"rendered":"<p>Injaz Al Maghrib lance un programme de formation et d\u2019accompagnement de coop\u00e9ratives cibles dans les provinces de La\u00e2youne, Tarfaya et Boujdour permettant le renforcement de leurs capacit\u00e9s et le d\u00e9veloppement de leurs activit\u00e9s. Dans les d\u00e9tails, l\u2019Economie sociale et solidaire (ESS) repr\u00e9sente un secteur \u00e0 fort potentiel qui, par son d\u00e9veloppement, permettra de contribuer \u00e0 [&hellip;]<\/p>\n","protected":false},"author":1759,"featured_media":0,"comment_status":"closed","ping_status":"closed","sticky":false,"template":"","format":"standard","meta":{"fifu_image_url":"http:\/\/aujourdhui.ma\/wp-content\/uploads\/2021\/05\/Laayoune-Sakia-El-Hamra.jpg","fifu_image_alt":"Il visera 18 entit\u00e9s de la r\u00e9gion de La\u00e2youne : Injaz Al Maghrib lance une formation  au profit des coop\u00e9ratives","footnotes":""},"categories":[73,54],"tags":[],"class_list":["post-116254","post","type-post","status-publish","format-standard","hentry","category-actualite","category-maroc"],"_links":{"self":[{"href":"https:\/\/linitiative.ca\/International\/wp-json\/wp\/v2\/posts\/116254","targetHints":{"allow":["GET"]}}],"collection":[{"href":"https:\/\/linitiative.ca\/International\/wp-json\/wp\/v2\/posts"}],"about":[{"href":"https:\/\/linitiative.ca\/International\/wp-json\/wp\/v2\/types\/post"}],"author":[{"embeddable":true,"href":"https:\/\/linitiative.ca\/International\/wp-json\/wp\/v2\/users\/1759"}],"replies":[{"embeddable":true,"href":"https:\/\/linitiative.ca\/International\/wp-json\/wp\/v2\/comments?post=116254"}],"version-history":[{"count":0,"href":"https:\/\/linitiative.ca\/International\/wp-json\/wp\/v2\/posts\/116254\/revisions"}],"wp:attachment":[{"href":"https:\/\/linitiative.ca\/International\/wp-json\/wp\/v2\/media?parent=116254"}],"wp:term":[{"taxonomy":"category","embeddable":true,"href":"https:\/\/linitiative.ca\/International\/wp-json\/wp\/v2\/categories?post=116254"},{"taxonomy":"post_tag","embeddable":true,"href":"https:\/\/linitiative.ca\/International\/wp-json\/wp\/v2\/tags?post=116254"}],"curies":[{"name":"wp","href":"https:\/\/api.w.org\/{rel}","templated":true}]}}