{"id":116255,"date":"2021-05-06T09:50:14","date_gmt":"2021-05-06T13:50:14","guid":{"rendered":"https:\/\/linitiative.ca\/International\/le-maroc-rappelle-lambassadeur-de-sa-majeste-le-roi-a-berlin-pour-consultations\/"},"modified":"2021-05-06T09:50:14","modified_gmt":"2021-05-06T13:50:14","slug":"le-maroc-rappelle-lambassadeur-de-sa-majeste-le-roi-a-berlin-pour-consultations","status":"publish","type":"post","link":"https:\/\/linitiative.ca\/International\/le-maroc-rappelle-lambassadeur-de-sa-majeste-le-roi-a-berlin-pour-consultations\/","title":{"rendered":"Le Maroc rappelle l\u2019Ambassadeur de Sa Majest\u00e9 le Roi \u00e0 Berlin pour consultations"},"content":{"rendered":"<figure class=\"post-thumbnail\" itemprop=\"associatedMedia\" itemscope=\"itemscope\" itemtype=\"http:\/\/schema.org\/ImageObject\"><img decoding=\"async\" class=\"post_layout_5_img\" src=\"http:\/\/aujourdhui.ma\/wp-content\/uploads\/2016\/09\/Ministere-des-Affaires-etrangeres-et-de-la-cooperation-Maroc.jpg\" alt=\"Le Maroc rappelle l\u2019Ambassadeur de Sa Majest\u00e9 le Roi \u00e0 Berlin pour consultations\"\/><\/figure>\n<p><span class=\"c7\"><strong>Le Royaume du Maroc a d\u00e9cid\u00e9 le rappel, pour consultations, de l\u2019Ambassadeur de Sa Majest\u00e9 le Roi \u00e0 Berlin, indique jeudi un communiqu\u00e9 du minist\u00e8re des Affaires \u00e9trang\u00e8res, de la Coop\u00e9ration africaine et des Marocains R\u00e9sidant \u00e0 l\u2019\u00e9tranger.<\/strong><\/span><span id=\"more-375799\"\/><\/p>\n<p>\u00ab\u00a0La R\u00e9publique F\u00e9d\u00e9rale d\u2019Allemagne a multipli\u00e9 les actes hostiles et les actions attentatoires \u00e0 l\u2019\u00e9gard des int\u00e9r\u00eats sup\u00e9rieurs du Royaume du Maroc\u00a0\u00bb, souligne la m\u00eame source.<\/p>\n<p>Ainsi, l\u2019Allemagne \u00ab\u00a0s\u2019est d\u00e9marqu\u00e9e par une attitude n\u00e9gative sur la question du Sahara marocain\u00a0\u00bb, poursuit le communiqu\u00e9, affirmant que \u00ab\u00a0son activisme antagonique, \u00e0 la suite de la Proclamation pr\u00e9sidentielle am\u00e9ricaine reconnaissant la souverainet\u00e9 du Maroc sur son Sahara, est un acte grave qui demeure jusqu\u2019\u00e0 pr\u00e9sent inexpliqu\u00e9\u00a0\u00bb.<\/p>\n<p>De m\u00eame, les autorit\u00e9s de ce pays agissent avec complicit\u00e9 \u00e0 l\u2019\u00e9gard d\u2019un ex-condamn\u00e9 pour des actes terroristes, notamment en lui divulguant des renseignements sensibles communiqu\u00e9s par les services de s\u00e9curit\u00e9 marocains \u00e0 leurs homologues allemands, pr\u00e9cise-t-on.<\/p>\n<p>A cela s\u2019ajoute un acharnement continu \u00e0 combattre le r\u00f4le r\u00e9gional du Maroc, notamment sur le dossier libyen, en tentant d\u2019\u00e9carter, ind\u00fbment, le Royaume de certaines r\u00e9unions r\u00e9gionales consacr\u00e9es \u00e0 ce dossier comme celle tenue \u00e0 Berlin.<\/p>\n<p>\u00ab\u00a0Pour toutes ces raisons et \u00e0 cause de cette adversit\u00e9 constante et inacceptable, le Royaume du Maroc a d\u00e9cid\u00e9 le rappel, pour consultations, de l\u2019Ambassadeur de Sa Majest\u00e9 le Roi \u00e0 Berlin\u00a0\u00bb, conclut le communiqu\u00e9.<\/p>\n<p>Auteur: ALM<br \/>\n<a href=\"https:\/\/aujourdhui.ma\/actualite\/le-maroc-rappelle-lambassadeur-de-sa-majeste-le-roi-a-berlin-pour-consultations\">Cliquez ici pour lire l&rsquo;article depuis sa source.<\/a><\/p>\n","protected":false},"excerpt":{"rendered":"<p>Le Royaume du Maroc a d\u00e9cid\u00e9 le rappel, pour consultations, de l\u2019Ambassadeur de Sa Majest\u00e9 le Roi \u00e0 Berlin, indique jeudi un communiqu\u00e9 du minist\u00e8re des Affaires \u00e9trang\u00e8res, de la Coop\u00e9ration africaine et des Marocains R\u00e9sidant \u00e0 l\u2019\u00e9tranger. \u00ab\u00a0La R\u00e9publique F\u00e9d\u00e9rale d\u2019Allemagne a multipli\u00e9 les actes hostiles et les actions attentatoires \u00e0 l\u2019\u00e9gard des int\u00e9r\u00eats [&hellip;]<\/p>\n","protected":false},"author":1759,"featured_media":0,"comment_status":"closed","ping_status":"closed","sticky":false,"template":"","format":"standard","meta":{"fifu_image_url":"http:\/\/aujourdhui.ma\/wp-content\/uploads\/2016\/09\/Ministere-des-Affaires-etrangeres-et-de-la-cooperation-Maroc.jpg","fifu_image_alt":"Le Maroc rappelle l\u2019Ambassadeur de Sa Majest\u00e9 le Roi \u00e0 Berlin pour consultations","footnotes":""},"categories":[73,54],"tags":[],"class_list":["post-116255","post","type-post","status-publish","format-standard","hentry","category-actualite","category-maroc"],"_links":{"self":[{"href":"https:\/\/linitiative.ca\/International\/wp-json\/wp\/v2\/posts\/116255","targetHints":{"allow":["GET"]}}],"collection":[{"href":"https:\/\/linitiative.ca\/International\/wp-json\/wp\/v2\/posts"}],"about":[{"href":"https:\/\/linitiative.ca\/International\/wp-json\/wp\/v2\/types\/post"}],"author":[{"embeddable":true,"href":"https:\/\/linitiative.ca\/International\/wp-json\/wp\/v2\/users\/1759"}],"replies":[{"embeddable":true,"href":"https:\/\/linitiative.ca\/International\/wp-json\/wp\/v2\/comments?post=116255"}],"version-history":[{"count":0,"href":"https:\/\/linitiative.ca\/International\/wp-json\/wp\/v2\/posts\/116255\/revisions"}],"wp:attachment":[{"href":"https:\/\/linitiative.ca\/International\/wp-json\/wp\/v2\/media?parent=116255"}],"wp:term":[{"taxonomy":"category","embeddable":true,"href":"https:\/\/linitiative.ca\/International\/wp-json\/wp\/v2\/categories?post=116255"},{"taxonomy":"post_tag","embeddable":true,"href":"https:\/\/linitiative.ca\/International\/wp-json\/wp\/v2\/tags?post=116255"}],"curies":[{"name":"wp","href":"https:\/\/api.w.org\/{rel}","templated":true}]}}