{"id":116259,"date":"2021-05-05T14:00:44","date_gmt":"2021-05-05T18:00:44","guid":{"rendered":"https:\/\/linitiative.ca\/International\/%ef%bb%bfle-djibouti-reitere-son-attachement-resolu-et-constant-a-lintegrite-territoriale-du-maroc\/"},"modified":"2021-05-05T14:00:44","modified_gmt":"2021-05-05T18:00:44","slug":"%ef%bb%bfle-djibouti-reitere-son-attachement-resolu-et-constant-a-lintegrite-territoriale-du-maroc","status":"publish","type":"post","link":"https:\/\/linitiative.ca\/International\/%ef%bb%bfle-djibouti-reitere-son-attachement-resolu-et-constant-a-lintegrite-territoriale-du-maroc\/","title":{"rendered":"\ufeffLe Djibouti r\u00e9it\u00e8re son attachement \u00abr\u00e9solu et constant\u00bb \u00e0 l\u2019int\u00e9grit\u00e9 territoriale du Maroc"},"content":{"rendered":"<p class=\"has-text-color has-vivid-cyan-blue-color c1\"><strong>Un communiqu\u00e9 conjoint des minist\u00e8res des AE<\/strong><\/p>\n<p><strong>Le Djibouti a r\u00e9it\u00e9r\u00e9 son attachement \u00ab\u00a0r\u00e9solu et constant\u00a0\u00bb \u00e0 l\u2019int\u00e9grit\u00e9 territoriale du Maroc, tout en renouvelant son appui ferme \u00e0 une solution politique n\u00e9goci\u00e9e, consensuelle et d\u00e9finitive \u00e0 la question du Sahara marocain et en insistant sur l\u2019exclusivit\u00e9 des Nations Unies pour le r\u00e8glement de ce diff\u00e9rend.<\/strong><\/p>\n<p>\u00ab\u00a0Le Djibouti a renouvel\u00e9 son appui ferme \u00e0 une solution politique n\u00e9goci\u00e9e, consensuelle et d\u00e9finitive, et a insist\u00e9 sur l\u2019exclusivit\u00e9 des Nations Unies dans le r\u00e8glement de ce diff\u00e9rend, qui garantit le projet d\u2019autonomie des provinces marocaines du Sud, dans le cadre de la souverainet\u00e9 du Royaume du Maroc, de son unit\u00e9 nationale et de son int\u00e9grit\u00e9 territoriale\u00a0\u00bb, indique un communiqu\u00e9 conjoint publi\u00e9 \u00e0 l\u2019issue d\u2019un entretien mardi par visioconf\u00e9rence entre le ministre des Affaires \u00c9trang\u00e8res, de la Coop\u00e9ration Africaine et des Marocains R\u00e9sidant \u00e0 l\u2019Etranger, Nasser Bourita et le ministre djiboutien des Affaires \u00c9trang\u00e8res et de la Coop\u00e9ration Internationale, Mahmoud Ali Youssouf.<\/p>\n<p>Dans ce cadre, \u00ab\u00a0le Maroc se r\u00e9jouit de la position constante de Djibouti qui a toujours soutenu l\u2019int\u00e9grit\u00e9 territoriale du Maroc ainsi que de l\u2019ouverture par ce pays fr\u00e8re de son Consulat G\u00e9n\u00e9ral \u00e0 Dakhla, en f\u00e9vrier 2020\u00a0\u00bb, ajoute la m\u00eame source.<\/p>\n<p>Lors de cet entretien, qui s\u2019inscrit dans le cadre des liens d\u2019amiti\u00e9 et de fraternit\u00e9 qui unissent le Royaume du Maroc et la R\u00e9publique de Djibouti et de la volont\u00e9 des deux pays de renforcer davantage leurs relations de coop\u00e9ration, les deux ministres se sont f\u00e9licit\u00e9s de l\u2019excellence des liens d\u2019amiti\u00e9 et de solidarit\u00e9 existant entre les deux pays fr\u00e8res et ont exalt\u00e9 la qualit\u00e9 des sentiments d\u2019estime et de respect qui caract\u00e9risent les rapports entre leurs Chefs d\u2019Etat, Sa Majest\u00e9 le Roi Mohammed VI et Son fr\u00e8re Son Excellence Monsieur Ismail Omar Guelleh, Pr\u00e9sident de la R\u00e9publique de Djibouti.<\/p>\n<p>Les deux ministres se sont r\u00e9jouis des r\u00e9sultats des \u00e9lections pr\u00e9sidentielles tenues en R\u00e9publique de Djibouti le 9 avril 2021, qui se sont d\u00e9roul\u00e9s dans le calme et la transparence et qui ont consacr\u00e9 la victoire de S.E.M. Ismail Omar Guelleh, Pr\u00e9sident de la R\u00e9publique pour un mandat de 5 ans.<\/p>\n<p>S\u2019agissant de la coop\u00e9ration bilat\u00e9rale, les deux parties ont r\u00e9affirm\u00e9 leur ferme volont\u00e9 de tout mettre en \u0153uvre en vue de renforcer davantage leurs relations, d\u2019intensifier et de diversifier leur coop\u00e9ration dans tous les domaines.<\/p>\n<p>Les deux ministres ont convenu, par ailleurs, de d\u00e9velopper davantage une coop\u00e9ration Sud-Sud ambitieuse \u00e0 travers un partenariat touchant des domaines tels que la formation, l\u2019investissement, l\u2019\u00e9nergie renouvelable, la p\u00eache maritime et la transformation des produits de la mer, le tourisme, les affaires islamiques, la protection civile, la coop\u00e9ration portuaire, le transport a\u00e9roportuaire et la justice.<\/p>\n<p>Ce partenariat doit \u00e9galement s\u2019appuyer sur l\u2019\u00e9change d\u2019exp\u00e9riences ainsi que sur une politique plus volontariste des hommes d\u2019affaires des deux pays, souligne le communiqu\u00e9.<\/p>\n<p>MM. Bourita et Ali Youssouf ont, \u00e0 cette occasion, proc\u00e9d\u00e9 \u00e0 la signature d\u2019un accord-cadre de Coop\u00e9ration pr\u00e9voyant la cr\u00e9ation d\u2019une Grande Commission Mixte qui d\u00e9finit les orientations \u00e0 donner aux relations bilat\u00e9rales entre les deux pays dans les domaines pr\u00e9cit\u00e9s.<\/p>\n<p>Ils ont \u00e9galement sign\u00e9 un M\u00e9morandum d\u2019Entente de coop\u00e9ration entre les Minist\u00e8res des Affaires \u00c9trang\u00e8res des deux pays dans le domaine de la formation diplomatique, afin de favoriser l\u2019\u00e9change d\u2019exp\u00e9riences en la mati\u00e8re.<\/p>\n<p>Les deux parties ont convenu de tenir \u00e0 Rabat, une fois que la situation sanitaire le permettrait, la premi\u00e8re session de la Commission Mixte de Coop\u00e9ration maroco-djiboutienne, \u00e0 une date qui sera arr\u00eat\u00e9e d\u2019un commun accord par voie diplomatique, conclut le communiqu\u00e9.<\/p>\n<p>Auteur: M&rsquo;hammed rahal<br \/>\n<a href=\"http:\/\/albayane.press.ma\/%EF%BB%BFle-djibouti-reitere-son-attachement-resolu-et-constant-a-lintegrite-territoriale-du-maroc.html\">Cliquez ici pour lire l&rsquo;article depuis sa source.<\/a><\/p>\n","protected":false},"excerpt":{"rendered":"<p>Un communiqu\u00e9 conjoint des minist\u00e8res des AE Le Djibouti a r\u00e9it\u00e9r\u00e9 son attachement \u00ab\u00a0r\u00e9solu et constant\u00a0\u00bb \u00e0 l\u2019int\u00e9grit\u00e9 territoriale du Maroc, tout en renouvelant son appui ferme \u00e0 une solution politique n\u00e9goci\u00e9e, consensuelle et d\u00e9finitive \u00e0 la question du Sahara marocain et en insistant sur l\u2019exclusivit\u00e9 des Nations Unies pour le r\u00e8glement de ce diff\u00e9rend. [&hellip;]<\/p>\n","protected":false},"author":1760,"featured_media":0,"comment_status":"closed","ping_status":"closed","sticky":false,"template":"","format":"standard","meta":{"fifu_image_url":"","fifu_image_alt":"","footnotes":""},"categories":[73,54],"tags":[],"class_list":["post-116259","post","type-post","status-publish","format-standard","hentry","category-actualite","category-maroc"],"_links":{"self":[{"href":"https:\/\/linitiative.ca\/International\/wp-json\/wp\/v2\/posts\/116259","targetHints":{"allow":["GET"]}}],"collection":[{"href":"https:\/\/linitiative.ca\/International\/wp-json\/wp\/v2\/posts"}],"about":[{"href":"https:\/\/linitiative.ca\/International\/wp-json\/wp\/v2\/types\/post"}],"author":[{"embeddable":true,"href":"https:\/\/linitiative.ca\/International\/wp-json\/wp\/v2\/users\/1760"}],"replies":[{"embeddable":true,"href":"https:\/\/linitiative.ca\/International\/wp-json\/wp\/v2\/comments?post=116259"}],"version-history":[{"count":0,"href":"https:\/\/linitiative.ca\/International\/wp-json\/wp\/v2\/posts\/116259\/revisions"}],"wp:attachment":[{"href":"https:\/\/linitiative.ca\/International\/wp-json\/wp\/v2\/media?parent=116259"}],"wp:term":[{"taxonomy":"category","embeddable":true,"href":"https:\/\/linitiative.ca\/International\/wp-json\/wp\/v2\/categories?post=116259"},{"taxonomy":"post_tag","embeddable":true,"href":"https:\/\/linitiative.ca\/International\/wp-json\/wp\/v2\/tags?post=116259"}],"curies":[{"name":"wp","href":"https:\/\/api.w.org\/{rel}","templated":true}]}}