{"id":116260,"date":"2021-05-05T14:00:51","date_gmt":"2021-05-05T18:00:51","guid":{"rendered":"https:\/\/linitiative.ca\/International\/%ef%bb%bfle-pps-et-le-pcv-aspirent-a-developper-davantage-leurs-relations\/"},"modified":"2021-05-05T14:00:51","modified_gmt":"2021-05-05T18:00:51","slug":"%ef%bb%bfle-pps-et-le-pcv-aspirent-a-developper-davantage-leurs-relations","status":"publish","type":"post","link":"https:\/\/linitiative.ca\/International\/%ef%bb%bfle-pps-et-le-pcv-aspirent-a-developper-davantage-leurs-relations\/","title":{"rendered":"\ufeffLe PPS et le PCV aspirent \u00e0 d\u00e9velopper davantage leurs relations"},"content":{"rendered":"<p class=\"has-text-color has-vivid-cyan-blue-color c1\"><strong>Le Secr\u00e9taire G\u00e9n\u00e9ral du PPS re\u00e7oit l\u2019ambassadeur du Vietnam au Maroc<\/strong><\/p>\n<p class=\"c2\"><strong>M\u2019Barek TAFSI\u00a0<\/strong><\/p>\n<ul class=\"wp-block-gallery aligncenter columns-2 is-cropped\">\n<li class=\"blocks-gallery-item\">\n<figure><img decoding=\"async\" src=\"http:\/\/albayane.press.ma\/wp-content\/uploads\/ventre-128.jpg\" alt=\"\" data-id=\"111997\" class=\"wp-image-111997\"\/><\/figure>\n<\/li>\n<li class=\"blocks-gallery-item\">\n<figure><img decoding=\"async\" src=\"http:\/\/albayane.press.ma\/wp-content\/uploads\/ventre2-19.jpg\" alt=\"\" data-id=\"111999\" data-link=\"http:\/\/albayane.press.ma\/?attachment_id=111999#main\" class=\"wp-image-111999\"\/><\/figure>\n<\/li>\n<\/ul>\n<p class=\"has-text-color has-vivid-cyan-blue-color\"><strong>Le Secr\u00e9taire G\u00e9n\u00e9ral du Parti du Progr\u00e8s et du Socialisme, Mohammed Nabil Benabdallah, a re\u00e7u, mardi 4 mai 2021 au si\u00e8ge national du parti \u00e0 Rabat, l\u2019ambassadeur extraordinaire et pl\u00e9nipotentiaire de la R\u00e9publique Socialiste du Vietnam au Maroc, Mme Dang Thi Thu Ha, venue lui rendre une visite d\u2019amiti\u00e9 et de courtoisie.<\/strong><\/p>\n<p><strong>Au cours de cette entrevue, les deux parties ont pass\u00e9 en revue les relations historiques entre le PPS et le Parti communiste du Vietnam, qui remontent \u00e0 la p\u00e9riode de lutte de lib\u00e9ration nationale aussi bien au Vietnam qu\u2019au Maroc, au milieu des ann\u00e9es 40.<\/strong><\/p>\n<p><strong>A cette occasion, le SG du PPS a rappel\u00e9 que l\u2019ancien SG du PCM Ali Yata entretenait des relations de camaraderie avec le leader H\u00f4 Chi Minh, qui repr\u00e9sente pour les communistes marocains tout un symbole en mati\u00e8re de lutte de lib\u00e9ration nationale.<\/strong><\/p>\n<p><strong>Dans le cadre des relations entre les deux partis politiques, le PCM avait envoy\u00e9 un des membres de sa direction aupr\u00e8s du Vi\u00eat Minh (Front de l\u2019ind\u00e9pendance du Vietnam) et inciter les troupes nord-africaines qui faisaient partie du corps exp\u00e9ditionnaire fran\u00e7ais \u00e0 se d\u00e9mobiliser ou \u00e0 rallier les rangs de la r\u00e9sistance vietnamienne. Il s\u2019agissait de M\u2019Hammed ben Omar Lahrech, surnomm\u00e9 Ma\u00e2rouf et qui avait eu pour nom de guerre vietnamien Anh Ma. Ben Omar avait termin\u00e9 sa carri\u00e8re avec le grade de G\u00e9n\u00e9ral.<\/strong><\/p>\n<p><strong>Apr\u00e8s l\u2019ind\u00e9pendance et sur ordre de feu Sa Majest\u00e9 Hassan II, le Maroc avait rapatri\u00e9 de nombreuses familles marocaines, qui vivent aujourd\u2019hui dans un village \u00e0 l\u2019entr\u00e9e de Sidi Yahia du Gharb en venant de K\u00e9nitra.<\/strong><\/p>\n<p><strong>Pour la diplomate vietnamienne, ces familles cherchent actuellement \u00e0 construire un m\u00e9morial en reconnaissance du soutien marocain, projet qui a \u00e9t\u00e9 salu\u00e9 par le SG du PPS.<\/strong><\/p>\n<p><strong>Soucieux de mettre en valeur toutes ce patrimoine, le PPS aspire \u00e0 d\u00e9velopper davantage ses relations avec le PCV, \u00e0 travers notamment l\u2019\u00e9change de visites de d\u00e9l\u00e9gations des deux parties, a soulign\u00e9 Nabil Benabdallah.<\/strong><\/p>\n<p><strong>Pour sa part, Mme Thi Thu Ha a exprim\u00e9 ses remerciements et la gratitude de son pays et de son parti pour le soutien dont ils ont b\u00e9n\u00e9fici\u00e9 de la part du Maroc et du PCM.<\/strong><\/p>\n<p><strong>En guise de reconnaissance de ces relations, son ambassade \u0153uvre actuellement pour accompagner les familles marocaines revenues du Vietnam et d\u00e9sireuses de construire un m\u00e9morial comparable \u00e0 celui d\u00e9j\u00e0 \u00e9difi\u00e9 au Vietnam sous le nom de \u00ab\u00a0La Porte du Maroc\u00a0\u00bb. Ce dernier a \u00e9t\u00e9 construit par des Marocains \u00e0 l\u2019entr\u00e9e de la coop\u00e9rative de vaches laiti\u00e8res \u00e0 Ba Vi.<\/strong><\/p>\n<p><strong>Apr\u00e8s avoir rappel\u00e9 que le Maroc et le Vietnam c\u00e9l\u00e8brent cette ann\u00e9e le 60<sup>\u00e8me<\/sup> anniversaire de leurs relations, elle a fait part de sa volont\u00e9 d\u2019\u0153uvrer inlassablement pour le d\u00e9veloppement des relations entre les deux pays et en particulier de leurs \u00e9changes commerciaux, dont le volume global tourne autour de 200 millions de Dollars.<\/strong><\/p>\n<p>Auteur: M&rsquo;hammed rahal<br \/>\n<a href=\"http:\/\/albayane.press.ma\/%EF%BB%BFle-pps-et-le-pcv-aspirent-a-developper-davantage-leurs-relations.html\">Cliquez ici pour lire l&rsquo;article depuis sa source.<\/a><\/p>\n","protected":false},"excerpt":{"rendered":"<p>Le Secr\u00e9taire G\u00e9n\u00e9ral du PPS re\u00e7oit l\u2019ambassadeur du Vietnam au Maroc M\u2019Barek TAFSI\u00a0 Le Secr\u00e9taire G\u00e9n\u00e9ral du Parti du Progr\u00e8s et du Socialisme, Mohammed Nabil Benabdallah, a re\u00e7u, mardi 4 mai 2021 au si\u00e8ge national du parti \u00e0 Rabat, l\u2019ambassadeur extraordinaire et pl\u00e9nipotentiaire de la R\u00e9publique Socialiste du Vietnam au Maroc, Mme Dang Thi Thu [&hellip;]<\/p>\n","protected":false},"author":1760,"featured_media":0,"comment_status":"closed","ping_status":"closed","sticky":false,"template":"","format":"standard","meta":{"fifu_image_url":"http:\/\/albayane.press.ma\/wp-content\/uploads\/ventre-128.jpg","fifu_image_alt":"\ufeffLe PPS et le PCV aspirent \u00e0 d\u00e9velopper davantage leurs relations","footnotes":""},"categories":[73,54],"tags":[],"class_list":["post-116260","post","type-post","status-publish","format-standard","hentry","category-actualite","category-maroc"],"_links":{"self":[{"href":"https:\/\/linitiative.ca\/International\/wp-json\/wp\/v2\/posts\/116260","targetHints":{"allow":["GET"]}}],"collection":[{"href":"https:\/\/linitiative.ca\/International\/wp-json\/wp\/v2\/posts"}],"about":[{"href":"https:\/\/linitiative.ca\/International\/wp-json\/wp\/v2\/types\/post"}],"author":[{"embeddable":true,"href":"https:\/\/linitiative.ca\/International\/wp-json\/wp\/v2\/users\/1760"}],"replies":[{"embeddable":true,"href":"https:\/\/linitiative.ca\/International\/wp-json\/wp\/v2\/comments?post=116260"}],"version-history":[{"count":0,"href":"https:\/\/linitiative.ca\/International\/wp-json\/wp\/v2\/posts\/116260\/revisions"}],"wp:attachment":[{"href":"https:\/\/linitiative.ca\/International\/wp-json\/wp\/v2\/media?parent=116260"}],"wp:term":[{"taxonomy":"category","embeddable":true,"href":"https:\/\/linitiative.ca\/International\/wp-json\/wp\/v2\/categories?post=116260"},{"taxonomy":"post_tag","embeddable":true,"href":"https:\/\/linitiative.ca\/International\/wp-json\/wp\/v2\/tags?post=116260"}],"curies":[{"name":"wp","href":"https:\/\/api.w.org\/{rel}","templated":true}]}}