{"id":116261,"date":"2021-05-05T14:00:54","date_gmt":"2021-05-05T18:00:54","guid":{"rendered":"https:\/\/linitiative.ca\/International\/%ef%bb%bfles-cas-de-mariage-des-mineurs-baissent-dannee-en-annee\/"},"modified":"2021-05-05T14:00:54","modified_gmt":"2021-05-05T18:00:54","slug":"%ef%bb%bfles-cas-de-mariage-des-mineurs-baissent-dannee-en-annee","status":"publish","type":"post","link":"https:\/\/linitiative.ca\/International\/%ef%bb%bfles-cas-de-mariage-des-mineurs-baissent-dannee-en-annee\/","title":{"rendered":"\ufeffLes cas de mariage des mineurs baissent d\u2019ann\u00e9e en ann\u00e9e"},"content":{"rendered":"<div>\n<p style=\"text-align:center\" class=\"has-text-color has-vivid-cyan-blue-color\"><strong>Justice<\/strong><\/p>\n<p><strong>Les cas de mariage des mineurs ont tendance \u00e0 baisser d\u2019ann\u00e9e en ann\u00e9e au Maroc, a indiqu\u00e9, mardi \u00e0 Rabat, le ministre de la Justice, Mohamed Ben Abdelkader.<\/strong><\/p>\n<p>Lors d\u2019un s\u00e9minaire consacr\u00e9 \u00e0 la pr\u00e9sentation du \u00ab\u00a0Guide juridique pour les femmes victimes d\u2019infraction ou de violation de droits\u00a0\u00bb, r\u00e9alis\u00e9 par l\u2019Association \u00ab\u00a0Jossour-Forum des femmes marocaines\u00a0\u00bb, M. Ben Abdelkader a soulign\u00e9 que l\u2019ann\u00e9e 2014 a enregistr\u00e9 un total de 33.489 actes de ce type de mariage, contre 30.230 actes en 2015 et 27.205 en 2016.<\/p>\n<p>Ces chiffres, poursuit le ministre, ont continu\u00e9 leur tendance baissi\u00e8re au cours des ann\u00e9es suivantes, atteignant 20.738 actes en 2019, contre 12.600 l\u2019ann\u00e9e suivante, soit 6,48% du nombre total des actes de mariage conclus en 2020.<\/p>\n<p>Le ministre a indiqu\u00e9 que le suivi de la mise en \u0153uvre du Code de la famille durant la p\u00e9riode 2004-2020 fait ressortir des indicateurs positifs \u00e0 consolider et des lacunes \u00e0 combler.<\/p>\n<p>Il a cit\u00e9, \u00e0 titre d\u2019exemple, les actes de mariage qui ont consid\u00e9rablement augment\u00e9 depuis l\u2019entr\u00e9e en vigueur de cette loi, dans la mesure o\u00f9 leur nombre est pass\u00e9 de 236.574 actes en 2004 \u00e0 275.477 en 2019.<\/p>\n<p>Par ailleurs, les jugements de divorce n\u2019ont cess\u00e9 d\u2019augmenter apr\u00e8s la publication du Code de la famille, passant de 7.213 en 2004 \u00e0 31.085 en 2009, puis \u00e0 44.408 en 2014 et 55.470 en 2019, a-t-il ajout\u00e9, notant que les cas de divorce sont pass\u00e9s de 26.914 en 2004 \u00e0 25.852 en 2018, puis \u00e0 27.149 en 2019.<\/p>\n<p>Par ailleurs, M. Ben Abdelkader a mis en avant les acquis r\u00e9alis\u00e9s en mati\u00e8re de droits des femmes et ce, gr\u00e2ce notamment \u00e0 la Constitution de 2011 et au Code de la famille, plaidant pour une approche impliquant les femmes dans l\u2019\u00e9laboration des programmes et dans la prise de d\u00e9cisions.<\/p>\n<p>Le ministre n\u2019a pas manqu\u00e9 de r\u00e9it\u00e9rer la ferme volont\u00e9 du gouvernement de renforcer et consolider ces acquis, notamment en mati\u00e8re d\u2019\u00e9galit\u00e9 et d\u2019\u00e9quit\u00e9 des deux sexes en vue de pr\u00e9server la stabilit\u00e9 et l\u2019\u00e9quilibre de la famille.<\/p>\n<p>S\u2019attardant sur la r\u00e9vision de la politique p\u00e9nale, M. Ben Abdelkader a \u00e9voqu\u00e9 la vision de son d\u00e9partement dans ce domaine, notamment en ce qui concerne le durcissement des peines concernant certains actes criminels portant atteinte \u00e0 la dignit\u00e9 de la femme.<\/p>\n<p>Le \u00ab\u00a0Guide juridique pour les femmes victimes d\u2019infraction ou de violation de droits\u00a0\u00bb, met \u00e0 la disposition des \u00e9tudiants, des chercheurs, des victimes \u00e9ventuelles et de toute personne \u0153uvrant pour les droits des femmes, un outil juridique de r\u00e9f\u00e9rence. <\/p>\n<p>Le document, qui comporte un ensemble d\u2019illustrations destin\u00e9es \u00e0 fournir des \u00e9l\u00e9ments juridiques en mati\u00e8res p\u00e9nale, sociale, familiale, m\u00e9diatique et successorale, met l\u2019accent sur les actions et proc\u00e9dures \u00e0 suivre en cas d\u2019atteinte \u00e0 la dignit\u00e9 de la femme ou de violation de ses droits.<\/p>\n<p>Ce s\u00e9minaire est le fruit d\u2019un partenariat entre l\u2019association \u00ab\u00a0Jossour Forum des femmes marocaines\u00a0\u00bb, le minist\u00e8re de la Justice et la Clinique de droit de la facult\u00e9 des sciences juridiques, \u00e9conomiques et sociales Agdal (universit\u00e9 Mohammed V-Rabat). <\/p>\n<p>L\u2019article <a rel=\"nofollow\" href=\"http:\/\/albayane.press.ma\/%EF%BB%BFles-cas-de-mariage-des-mineurs-baissent-dannee-en-annee.html\">\ufeffLes cas de mariage des mineurs baissent d\u2019ann\u00e9e en ann\u00e9e<\/a> est apparu en premier sur <a rel=\"nofollow\" href=\"http:\/\/albayane.press.ma\/\">ALBAYANE<\/a>.<\/p>\n<\/div>\n<p>Auteur: M&rsquo;hammed rahal<br \/>\n<a href=\"http:\/\/albayane.press.ma\/%EF%BB%BFles-cas-de-mariage-des-mineurs-baissent-dannee-en-annee.html\">Cliquez ici pour lire l&rsquo;article depuis sa source.<\/a><\/p>\n","protected":false},"excerpt":{"rendered":"<p>Justice Les cas de mariage des mineurs ont tendance \u00e0 baisser d\u2019ann\u00e9e en ann\u00e9e au Maroc, a indiqu\u00e9, mardi \u00e0 Rabat, le ministre de la Justice, Mohamed Ben Abdelkader. Lors d\u2019un s\u00e9minaire consacr\u00e9 \u00e0 la pr\u00e9sentation du \u00ab\u00a0Guide juridique pour les femmes victimes d\u2019infraction ou de violation de droits\u00a0\u00bb, r\u00e9alis\u00e9 par l\u2019Association \u00ab\u00a0Jossour-Forum des femmes [&hellip;]<\/p>\n","protected":false},"author":1760,"featured_media":0,"comment_status":"closed","ping_status":"closed","sticky":false,"template":"","format":"standard","meta":{"fifu_image_url":"","fifu_image_alt":"","footnotes":""},"categories":[73,54],"tags":[],"class_list":["post-116261","post","type-post","status-publish","format-standard","hentry","category-actualite","category-maroc"],"_links":{"self":[{"href":"https:\/\/linitiative.ca\/International\/wp-json\/wp\/v2\/posts\/116261","targetHints":{"allow":["GET"]}}],"collection":[{"href":"https:\/\/linitiative.ca\/International\/wp-json\/wp\/v2\/posts"}],"about":[{"href":"https:\/\/linitiative.ca\/International\/wp-json\/wp\/v2\/types\/post"}],"author":[{"embeddable":true,"href":"https:\/\/linitiative.ca\/International\/wp-json\/wp\/v2\/users\/1760"}],"replies":[{"embeddable":true,"href":"https:\/\/linitiative.ca\/International\/wp-json\/wp\/v2\/comments?post=116261"}],"version-history":[{"count":0,"href":"https:\/\/linitiative.ca\/International\/wp-json\/wp\/v2\/posts\/116261\/revisions"}],"wp:attachment":[{"href":"https:\/\/linitiative.ca\/International\/wp-json\/wp\/v2\/media?parent=116261"}],"wp:term":[{"taxonomy":"category","embeddable":true,"href":"https:\/\/linitiative.ca\/International\/wp-json\/wp\/v2\/categories?post=116261"},{"taxonomy":"post_tag","embeddable":true,"href":"https:\/\/linitiative.ca\/International\/wp-json\/wp\/v2\/tags?post=116261"}],"curies":[{"name":"wp","href":"https:\/\/api.w.org\/{rel}","templated":true}]}}