{"id":116262,"date":"2021-05-05T14:00:58","date_gmt":"2021-05-05T18:00:58","guid":{"rendered":"https:\/\/linitiative.ca\/International\/%ef%bb%bfmahrez-envoie-manchester-city-en-finale\/"},"modified":"2021-05-05T14:00:58","modified_gmt":"2021-05-05T18:00:58","slug":"%ef%bb%bfmahrez-envoie-manchester-city-en-finale","status":"publish","type":"post","link":"https:\/\/linitiative.ca\/International\/%ef%bb%bfmahrez-envoie-manchester-city-en-finale\/","title":{"rendered":"\ufeffMahrez envoie Manchester City en finale"},"content":{"rendered":"<div>\n<p style=\"text-align:center\" class=\"has-text-color has-vivid-cyan-blue-color\"><strong>Ligue des Champions<br \/>\nd\u2019Europe<\/strong><\/p>\n<p><strong>Le r\u00eave de sacre du Paris SG a pris fin en demi-finale de Ligue des champions sur le terrain engr\u00eal\u00e9 de Manchester City, implacable \u00e0 l\u2019aller (2-1) comme au retour (2-0), mardi, avec un doubl\u00e9 de Riyad Mahrez.<\/strong><\/p>\n<p>Sous le ciel hivernal du nord de l\u2019Angleterre, les \u00ab\u00a0Sky Blues\u00a0\u00bb ont r\u00e9alis\u00e9 le match dont r\u00eavaient les Parisiens en traversant la Manche.<\/p>\n<p>En marquant sur leur premi\u00e8re occasion (11e) par l\u2019international alg\u00e9rien, les joueurs de Pep Guardiola ont impos\u00e9 d\u2019entr\u00e9e leur tempo \u00e0 cette rencontre, qu\u2019ils ont tu\u00e9e en seconde p\u00e9riode d\u2019un contre assassin (63e).<\/p>\n<p>A la conclusion, encore Mahrez, d\u00e9j\u00e0 buteur au Parc des princes.<\/p>\n<p>R\u00e9alisme, jeu de transition, solidarit\u00e9\u2026 Les Anglais ont \u00e9tal\u00e9 tout ce qui a manqu\u00e9 \u00e0 Paris, qui de son c\u00f4t\u00e9 a montr\u00e9 une nervosit\u00e9 indigne de son rang de finaliste sortant.<\/p>\n<p>Comme \u00e0 l\u2019aller, les hommes de Mauricio Pochettino ont termin\u00e9 \u00e0 dix, apr\u00e8s le carton rouge d\u2019Angel Di Maria (69e), pour une semelle volontaire sur Fernandinho.<\/p>\n<p>Un tr\u00e8s mauvais geste qui laisse une tr\u00e8s mauvaise derni\u00e8re image \u00e0 ce parcours qui, jusque-l\u00e0, \u00e9tait irr\u00e9prochable, apr\u00e8s les qualifications obtenues aux d\u00e9pens du FC Barcelone et du Bayern Munich, tenant du titre.<\/p>\n<p>L\u2019apr\u00e8s-match a d\u2019ailleurs \u00e9t\u00e9 pollu\u00e9 par une pol\u00e9mique autour de l\u2019arbitrage, Ander Herrera et Marco Verratti accusant l\u2019arbitre n\u00e9erlandais Bj\u00f6rn Kuipers d\u2019avoir insult\u00e9 des joueurs parisiens.<\/p>\n<p>Mais cela ne suffira pas \u00e0 dissimuler la performance de Parisiens pas au niveau de leurs ambitions, malgr\u00e9 les progr\u00e8s entrevus depuis la finale perdue face au Bayern en ao\u00fbt dernier (1-0).<\/p>\n<p>Mais le 29 mai \u00e0 Istanbul, ce sont les rivaux des propri\u00e9taires qatariens du PSG, les Emiratis, \u00e0 la t\u00eate du club anglais, qui auront l\u2019opportunit\u00e9 de devenir la premi\u00e8re puissance du Golfe \u00e0 remporter la prestigieuse comp\u00e9tition, contre le Real Madrid ou Chelsea.<\/p>\n<p>L\u2019absence de Kylian Mbapp\u00e9, touch\u00e9 au mollet droit, a pes\u00e9 lourd sur une \u00e9quipe du PSG qui avait jusqu\u2019ici toujours pu compter, cette saison, sur ses individualit\u00e9s pour compenser ses d\u00e9faillances collectives.<\/p>\n<p>Mais Neymar, qui faisait de la C1 sa priorit\u00e9, n\u2019a pas jou\u00e9 pour deux, comme il le promettait. Le Br\u00e9silien a rat\u00e9 son match, en voulant trop faire la diff\u00e9rence seul. Idem pour Mauro Icardi, rempla\u00e7ant de \u00ab\u00a0Kyky\u00a0\u00bb au coup d\u2019envoi.<\/p>\n<p>Les attaquants rouges et bleus n\u2019ont cadr\u00e9 aucune frappe, eux qui ont marqu\u00e9 \u00e0 chaque rencontre de C1 \u00e0 l\u2019ext\u00e9rieur depuis le quart retour perdu contre\u2026 City (1-0) en 2016.<\/p>\n<p>Aujourd\u2019hui, un gouffre s\u2019est ouvert sous leurs pieds. Paris a rat\u00e9 son premier objectif, mais d\u2019ici la fin de la saison, il est loin d\u2019avoir assur\u00e9 le deuxi\u00e8me, voire le troisi\u00e8me.<\/p>\n<p>A trois journ\u00e9es de la fin en Championnat de France, les Parisiens sont \u00e0 un point du leader Lille, dont ils esp\u00e9rent un faux pas. En Coupe, ils ont une demi-finale difficile \u00e0 Montpellier dans une semaine.<\/p>\n<p>Leur r\u00e9action d\u00e9terminera la couleur de leur bilan. Pochettino, \u00e9ternel optimiste, a vu face \u00e0 City des motifs de le rester.<\/p>\n<p>Certes, les Anglais ont d\u00e9gag\u00e9 une s\u00e9r\u00e9nit\u00e9 qui tranchait avec la nervosit\u00e9 des Parisiens. Oui, City a montr\u00e9 une meilleure ma\u00eetrise collective que le PSG.<\/p>\n<p>Mais les co\u00e9quipiers de Neymar ont eu leurs chances et s\u2019ils sont \u00e9limin\u00e9s, c\u2019est aussi parce qu\u2019ils n\u2019ont pas su les saisir.<\/p>\n<p>Paris va ruminer son manque de r\u00e9alisme, quand Di Maria tire \u00e0 c\u00f4t\u00e9 (19e), alors que la cage \u00e9tait grande ouverte apr\u00e8s une mauvaise relance mancunienne.<\/p>\n<p>Trois minutes plus t\u00f4t, Marquinhos avait trouv\u00e9 la barre transversale sur sa t\u00eate (16e).<\/p>\n<p>Ces occasions g\u00e2ch\u00e9es entretiennent l\u2019illusion que Paris n\u2019\u00e9tait pas loin. Mais c\u2019est oublier que City a marqu\u00e9 sur sa premi\u00e8re occasion\u2026<\/p>\n<p>Manchester s\u2019est facilit\u00e9 la t\u00e2che avec un but rapide de Riyad Mahrez (11e), \u00e0 la conclusion d\u2019un contre \u00e9clair initi\u00e9 par un magnifique d\u00e9gagement du gardien Ederson.<\/p>\n<p>Au retour des vestiaires, Manchester a tu\u00e9 la rencontre d\u2019un contre assassin, initi\u00e9 par Phil Foden, dont le centre a trouv\u00e9 Mahrez, tout seul.<\/p>\n<p>Buteur \u00e0 l\u2019aller, l\u2019international alg\u00e9rien a incarn\u00e9 la r\u00e9alisme d\u2019airain des Anglais, qui auraient pu alourdir le score, notamment par Foden (77e) au cours d\u2019une fin de match en roue libre des Parisiens.<\/p>\n<p>L\u2019article <a rel=\"nofollow\" href=\"http:\/\/albayane.press.ma\/%EF%BB%BFmahrez-envoie-manchester-city-en-finale.html\">\ufeffMahrez envoie Manchester City en finale<\/a> est apparu en premier sur <a rel=\"nofollow\" href=\"http:\/\/albayane.press.ma\/\">ALBAYANE<\/a>.<\/p>\n<\/div>\n<p>Auteur: M&rsquo;hammed rahal<br \/>\n<a href=\"http:\/\/albayane.press.ma\/%EF%BB%BFmahrez-envoie-manchester-city-en-finale.html\">Cliquez ici pour lire l&rsquo;article depuis sa source.<\/a><\/p>\n","protected":false},"excerpt":{"rendered":"<p>Ligue des Champions d\u2019Europe Le r\u00eave de sacre du Paris SG a pris fin en demi-finale de Ligue des champions sur le terrain engr\u00eal\u00e9 de Manchester City, implacable \u00e0 l\u2019aller (2-1) comme au retour (2-0), mardi, avec un doubl\u00e9 de Riyad Mahrez. Sous le ciel hivernal du nord de l\u2019Angleterre, les \u00ab\u00a0Sky Blues\u00a0\u00bb ont r\u00e9alis\u00e9 [&hellip;]<\/p>\n","protected":false},"author":1760,"featured_media":0,"comment_status":"closed","ping_status":"closed","sticky":false,"template":"","format":"standard","meta":{"fifu_image_url":"","fifu_image_alt":"","footnotes":""},"categories":[73,54],"tags":[],"class_list":["post-116262","post","type-post","status-publish","format-standard","hentry","category-actualite","category-maroc"],"_links":{"self":[{"href":"https:\/\/linitiative.ca\/International\/wp-json\/wp\/v2\/posts\/116262","targetHints":{"allow":["GET"]}}],"collection":[{"href":"https:\/\/linitiative.ca\/International\/wp-json\/wp\/v2\/posts"}],"about":[{"href":"https:\/\/linitiative.ca\/International\/wp-json\/wp\/v2\/types\/post"}],"author":[{"embeddable":true,"href":"https:\/\/linitiative.ca\/International\/wp-json\/wp\/v2\/users\/1760"}],"replies":[{"embeddable":true,"href":"https:\/\/linitiative.ca\/International\/wp-json\/wp\/v2\/comments?post=116262"}],"version-history":[{"count":0,"href":"https:\/\/linitiative.ca\/International\/wp-json\/wp\/v2\/posts\/116262\/revisions"}],"wp:attachment":[{"href":"https:\/\/linitiative.ca\/International\/wp-json\/wp\/v2\/media?parent=116262"}],"wp:term":[{"taxonomy":"category","embeddable":true,"href":"https:\/\/linitiative.ca\/International\/wp-json\/wp\/v2\/categories?post=116262"},{"taxonomy":"post_tag","embeddable":true,"href":"https:\/\/linitiative.ca\/International\/wp-json\/wp\/v2\/tags?post=116262"}],"curies":[{"name":"wp","href":"https:\/\/api.w.org\/{rel}","templated":true}]}}