{"id":116263,"date":"2021-05-06T06:12:08","date_gmt":"2021-05-06T10:12:08","guid":{"rendered":"https:\/\/linitiative.ca\/International\/ammouri-mbarek-lecole\/"},"modified":"2021-05-06T06:12:08","modified_gmt":"2021-05-06T10:12:08","slug":"ammouri-mbarek-lecole","status":"publish","type":"post","link":"https:\/\/linitiative.ca\/International\/ammouri-mbarek-lecole\/","title":{"rendered":"Ammouri Mbarek : l\u2019\u00e9cole !"},"content":{"rendered":"<div>\n<p><strong>Mohamed Nait Youssef <\/strong><\/p>\n<ul class=\"wp-block-gallery columns-2 is-cropped\">\n<li class=\"blocks-gallery-item\">\n<figure><img decoding=\"async\" src=\"http:\/\/albayane.press.ma\/wp-content\/uploads\/1-132.jpg\" alt=\"\" data-id=\"112008\" data-link=\"http:\/\/albayane.press.ma\/?attachment_id=112008#main\" class=\"wp-image-112008\"><\/figure>\n<\/li>\n<li class=\"blocks-gallery-item\">\n<figure><img decoding=\"async\" src=\"http:\/\/albayane.press.ma\/wp-content\/uploads\/ouv-208.jpg\" alt=\"\" data-id=\"112009\" data-link=\"http:\/\/albayane.press.ma\/?attachment_id=112009#main\" class=\"wp-image-112009\"><\/figure>\n<\/li>\n<\/ul>\n<p><strong>Une voix suave et po\u00e9tique issue du Maroc profond. Ammouri Mbarek est consid\u00e9r\u00e9 comme l\u2019un des artistes marocains les plus talentueux ayant modernis\u00e9 et internationalis\u00e9 par ses compositions et ses recherches la musique et la chanson\u00a0 amazighes. C\u2019est \u00e0 Irguiten, pr\u00e8s de Taroudant, que le compositeur, chanteur, po\u00e9te et militant a vu le jour en 1951. Une enfance un peu difficile au pied du Haut Atlas, mais le c\u0153ur \u00e9tait plein d\u2019espoir pour affronter les entraves du quotidien. Ainsi, en menant cette bataille contre les vents et mar\u00e9es de la vie, l\u2019artiste a concr\u00e9tis\u00e9 son r\u00eave ; faire de la musique. En effet, ses premiers pas dans le domaine artistique ont \u00e9t\u00e9 dans le groupe \u00ab\u00a0Souss five\u00a0\u00bb qui avait apport\u00e9 sa pierre \u00e0 l\u2019\u00e9difice de la culture et de la musique amazighes en pr\u00e9sentant des chansons en fran\u00e7ais ou encore en anglais. Il a suivi sa passion jusqu\u2019au bout\u00a0! <\/strong><\/p>\n<p>Apr\u00e8s<br \/>\ncette aventure artistique et musicale assez riche, Ammouri Mbarek s\u2019est engag\u00e9<br \/>\ndans le travail associatif en int\u00e9grant l\u2019Association marocaine de recherche et<br \/>\nd\u2019\u00e9change culturel \u00abAMREC\u00bb qui \u00e9tait d\u2019ailleurs \u00e0 l\u2019origine de la<br \/>\ncr\u00e9ation du\u00a0 groupe musical \u00ab\u00a0Yah\u00a0\u00bb qui<br \/>\nportera par la suite le nom d\u2019Ousmane, en 1975. Un nouveau d\u00e9part, une nouvelle<br \/>\naventure\u2026 <\/p>\n<p>En<br \/>\noutre, c\u2019est avec cette troupe que la carri\u00e8re professionnelle du d\u00e9funt<br \/>\navait\u00a0 v\u00e9ritablement commenc\u00e9e. Il faut<br \/>\nle rappeler, le r\u00f4le de ce dernier a \u00e9t\u00e9 extr\u00eamement important dans la<br \/>\nmodernisation non seulement du style musical de Ousmane, mais aussi de toute de<br \/>\nla musique amazighe moderne qui \u00e9tait \u00e9cout\u00e9e au\u00a0 Maroc et m\u00eame ailleurs. Toutefois, la rencontre<br \/>\nd\u2019Amouri Mbark avec Brahim Akhiat, qui \u00e9tait pr\u00e9sident de l\u2019AMREC, s\u2019est faite<br \/>\nlors d\u2019un mariage \u00e0 la ville de Tiznet. <\/p>\n<p>Ce<br \/>\ndernier l\u2019invita \u00e0 pendre part \u00e0 une troupe musicale qui sera cr\u00e9\u00e9e par<br \/>\nl\u2019association, et qui \u0153uvra par le biais de la<br \/>\nmusique pour la transmission des valeurs universelles et moderniste de la<br \/>\nculture amazighe. Le but \u00e9tait \u00e9galement la r\u00e9novation et le d\u00e9veloppement de<br \/>\ncette chanson qui\u00a0 \u00e9tait, depuis des<br \/>\nd\u00e9cennies,\u00a0 victime d\u2019un certain regard<br \/>\nfolklorique et limitatif. <\/p>\n<p>Apr\u00e8s<br \/>\nl\u2019exp\u00e9rience d\u2019Ousmane, Ammouri Mbarek a trac\u00e9 un nouveau chemin voire un<br \/>\nnouveau cheminement de la cr\u00e9ation en continuant sur la lign\u00e9e de la<br \/>\nmodernisation de la musique amazighe en inventant de nouveaux arrangements<br \/>\nqui\u00a0 sortaient du lot de l\u2019\u00e9poque.<br \/>\nLui\u00a0 qui int\u00e9grait des nouveaux rythmes<br \/>\net sonorit\u00e9s mondiaux a toujours \u00e9t\u00e9 en qu\u00eate de<br \/>\nnouveaux horizons musicaux et artistiques. Cette recherche<br \/>\na \u00e9t\u00e9 bel et bien accompagn\u00e9e par un travail sur le patrimoine musical<br \/>\ndes Rwayes, notamment celui du v\u00e9t\u00e9ran et ic\u00f4ne de la musique amazighe, \u00a0Lhaj Bela\u00efd. Toutefois, sa belle voix l\u2019avait beaucoup<br \/>\naid\u00e9 \u00e0 immortaliser ses chefs d\u2019\u0153uvres agr\u00e9ables \u00e0 \u00e9couter et \u00e0 appr\u00e9cier par<br \/>\nl\u2019oreille.\u00a0 Artiste engag\u00e9, int\u00e8gre et<br \/>\nmoderniste, Ammouri Mbarek avait cr\u00e9\u00e9 sa propre \u00e9cole apr\u00e8s de nombreuses<br \/>\nd\u00e9cennies d\u2019exercice et de lutte acharn\u00e9e. Cette \u00e9cole constitue aujourd\u2019hui,<br \/>\nune v\u00e9ritable r\u00e9f\u00e9rence en mati\u00e8re de musique<br \/>\nnon seulement amazighe, mais aussi marocaine. Son style a \u00e9t\u00e9 connu par la bonne phrase musicale, le po\u00e8me<br \/>\nengag\u00e9 et les nouveaux arrangements soigneusement recherch\u00e9s. \u00a0<\/p>\n<p>Par<br \/>\nailleurs, l\u2019artiste a puis\u00e9 sa musique de l\u2019art et patrimoine populaire tout en<br \/>\ns\u2019inspirant des autres sensibilit\u00e9s de la<br \/>\nmusique moderne. Il a chant\u00e9 pour la terre, l\u2019homme, l\u2019identit\u00e9, la libert\u00e9 et<br \/>\nle vivre ensemble. Il avait \u00e9galement donn\u00e9 sa voix aux po\u00e8mes des po\u00e8tes et<br \/>\n\u00e9crivains amazighs, tels que Brahim Akhiat (Taghlahgalt, Urti n Luz), Omar<br \/>\nAmarir, Mohamed El-Moustaoui (Anu n irafan, Awal inu gan Amazigh), Hassan Id<br \/>\nBelkassm, Ali Sadki Azayku (Tadwat ayga wul, As nna ira yan aykerz). Ammouri<br \/>\nMbarek a tir\u00e9 sa r\u00e9v\u00e9rence le 14 f\u00e9vrier 2015 \u00e0 Casablanca. Il avait 64 ans. <\/p>\n<p>L\u2019article <a rel=\"nofollow\" href=\"http:\/\/albayane.press.ma\/ammouri-mbarek-lecole.html\">Ammouri Mbarek : l\u2019\u00e9cole !<\/a> est apparu en premier sur <a rel=\"nofollow\" href=\"http:\/\/albayane.press.ma\/\">ALBAYANE<\/a>.<\/p>\n<\/div>\n<p>Auteur: M&rsquo;hammed rahal<br \/>\n<a href=\"http:\/\/albayane.press.ma\/ammouri-mbarek-lecole.html\">Cliquez ici pour lire l&rsquo;article depuis sa source.<\/a><\/p>\n","protected":false},"excerpt":{"rendered":"<p>Mohamed Nait Youssef Une voix suave et po\u00e9tique issue du Maroc profond. Ammouri Mbarek est consid\u00e9r\u00e9 comme l\u2019un des artistes marocains les plus talentueux ayant modernis\u00e9 et internationalis\u00e9 par ses compositions et ses recherches la musique et la chanson\u00a0 amazighes. C\u2019est \u00e0 Irguiten, pr\u00e8s de Taroudant, que le compositeur, chanteur, po\u00e9te et militant a vu [&hellip;]<\/p>\n","protected":false},"author":1760,"featured_media":0,"comment_status":"closed","ping_status":"closed","sticky":false,"template":"","format":"standard","meta":{"fifu_image_url":"http:\/\/albayane.press.ma\/wp-content\/uploads\/1-132.jpg","fifu_image_alt":"Ammouri Mbarek : l\u2019\u00e9cole !","footnotes":""},"categories":[73,54],"tags":[],"class_list":["post-116263","post","type-post","status-publish","format-standard","hentry","category-actualite","category-maroc"],"_links":{"self":[{"href":"https:\/\/linitiative.ca\/International\/wp-json\/wp\/v2\/posts\/116263","targetHints":{"allow":["GET"]}}],"collection":[{"href":"https:\/\/linitiative.ca\/International\/wp-json\/wp\/v2\/posts"}],"about":[{"href":"https:\/\/linitiative.ca\/International\/wp-json\/wp\/v2\/types\/post"}],"author":[{"embeddable":true,"href":"https:\/\/linitiative.ca\/International\/wp-json\/wp\/v2\/users\/1760"}],"replies":[{"embeddable":true,"href":"https:\/\/linitiative.ca\/International\/wp-json\/wp\/v2\/comments?post=116263"}],"version-history":[{"count":0,"href":"https:\/\/linitiative.ca\/International\/wp-json\/wp\/v2\/posts\/116263\/revisions"}],"wp:attachment":[{"href":"https:\/\/linitiative.ca\/International\/wp-json\/wp\/v2\/media?parent=116263"}],"wp:term":[{"taxonomy":"category","embeddable":true,"href":"https:\/\/linitiative.ca\/International\/wp-json\/wp\/v2\/categories?post=116263"},{"taxonomy":"post_tag","embeddable":true,"href":"https:\/\/linitiative.ca\/International\/wp-json\/wp\/v2\/tags?post=116263"}],"curies":[{"name":"wp","href":"https:\/\/api.w.org\/{rel}","templated":true}]}}