{"id":116264,"date":"2021-05-06T10:16:00","date_gmt":"2021-05-06T14:16:00","guid":{"rendered":"https:\/\/linitiative.ca\/International\/videos-une-mere-et-ses-deux-enfants-mortellement-emportes-par-les-eaux-dun-oued\/"},"modified":"2021-05-06T10:16:00","modified_gmt":"2021-05-06T14:16:00","slug":"videos-une-mere-et-ses-deux-enfants-mortellement-emportes-par-les-eaux-dun-oued","status":"publish","type":"post","link":"https:\/\/linitiative.ca\/International\/videos-une-mere-et-ses-deux-enfants-mortellement-emportes-par-les-eaux-dun-oued\/","title":{"rendered":"[Vid\u00e9os] Une m\u00e8re et ses deux enfants mortellement emport\u00e9s par les eaux d&rsquo;un oued"},"content":{"rendered":"<div id=\"originalText\" readability=\"58\">\n<p>Une m\u00e8re et ses deux enfants, un jeune homme et une\u00a0fille, coinc\u00e9s dans une voiture, ont perdu la vie, aujourd\u2019hui, \u00e0 Boussaada, apr\u00e8s avoir \u00e9t\u00e9 emport\u00e9s par les eaux en furie d\u2019un Oued, suite aux fortes pluies qu\u2019a enregistr\u00e9 la wilaya de M\u2019sila, dans la nuit de mercredi \u00e0 jeudi.\u00a0<\/p>\n<p>Dans deux vid\u00e9os, publi\u00e9e cet apr\u00e8s-midi par un citoyen de la r\u00e9gion, sur son compte facebook, on aper\u00e7oit des agents de la protection, en pr\u00e9sence du P\/APC de Boussaada, en train d\u2019extraire le v\u00e9hicule\u00a0du oued et \u00e0 son bord les trois d\u00e9pouilles (Voir vid\u00e9os ci-dessous).\u00a0<\/p>\n<p><iframe loading=\"lazy\" allow=\"autoplay; clipboard-write; encrypted-media; picture-in-picture; web-share\" allowfullscreen=\"true\" frameborder=\"0\" height=\"314\" scrolling=\"no\" src=\"https:\/\/www.facebook.com\/plugins\/video.php?height=314&amp;href=https%3A%2F%2Fweb.facebook.com%2Fyacine.benalouache.1%2Fvideos%2F2669126506719254%2F&amp;show_text=false&amp;width=560\" class=\"c6\" width=\"560\">[embedded content]<\/iframe><\/p>\n<p><iframe loading=\"lazy\" allow=\"autoplay; clipboard-write; encrypted-media; picture-in-picture; web-share\" allowfullscreen=\"true\" frameborder=\"0\" height=\"314\" scrolling=\"no\" src=\"https:\/\/www.facebook.com\/plugins\/video.php?height=314&amp;href=https%3A%2F%2Fweb.facebook.com%2Fyacine.benalouache.1%2Fvideos%2F2669148423383729%2F&amp;show_text=false&amp;width=560\" class=\"c6\" width=\"560\">[embedded content]<\/iframe><\/p>\n<p>Le wali de M&rsquo;sila, qui s&rsquo;est d\u00e9plac\u00e9 dans les lieux du drame,\u00a0a indiqu\u00e9 dans une d\u00e9claration \u00e0 la presse locale, que \u00ab\u00a0les trois victimes avaient tent\u00e9 de traverser les eaux du Oued\u00bb.<\/p>\n<p><iframe loading=\"lazy\" allow=\"accelerometer; autoplay; clipboard-write; encrypted-media; gyroscope; picture-in-picture\" allowfullscreen=\"allowfullscreen\" frameborder=\"0\" height=\"315\" src=\"https:\/\/www.youtube.com\/embed\/55xn4Ejw3S4\" title=\"YouTube video player\" width=\"560\">[embedded content]<\/iframe><\/p>\n<p class=\"c7\"><strong>R\u00e9daction Web\u00a0<\/strong><\/p>\n<\/div>\n<div id=\"text_core\" readability=\"58\">\n<p>Une m\u00e8re et ses deux enfants, un jeune homme et une\u00a0fille, coinc\u00e9s dans une voiture, ont perdu la vie, aujourd\u2019hui, \u00e0 Boussaada, apr\u00e8s avoir \u00e9t\u00e9 emport\u00e9s par les eaux en furie d\u2019un Oued, suite aux fortes pluies qu\u2019a enregistr\u00e9 la wilaya de M\u2019sila, dans la nuit de mercredi \u00e0 jeudi.\u00a0<\/p>\n<p>Dans deux vid\u00e9os, publi\u00e9e cet apr\u00e8s-midi par un citoyen de la r\u00e9gion, sur son compte facebook, on aper\u00e7oit des agents de la protection, en pr\u00e9sence du P\/APC de Boussaada, en train d\u2019extraire le v\u00e9hicule\u00a0du oued et \u00e0 son bord les trois d\u00e9pouilles (Voir vid\u00e9os ci-dessous).\u00a0<\/p>\n<p><iframe loading=\"lazy\" allow=\"autoplay; clipboard-write; encrypted-media; picture-in-picture; web-share\" allowfullscreen=\"true\" frameborder=\"0\" height=\"314\" scrolling=\"no\" src=\"https:\/\/www.facebook.com\/plugins\/video.php?height=314&amp;href=https%3A%2F%2Fweb.facebook.com%2Fyacine.benalouache.1%2Fvideos%2F2669126506719254%2F&amp;show_text=false&amp;width=560\" class=\"c6\" width=\"560\">[embedded content]<\/iframe><\/p>\n<p><iframe loading=\"lazy\" allow=\"autoplay; clipboard-write; encrypted-media; picture-in-picture; web-share\" allowfullscreen=\"true\" frameborder=\"0\" height=\"314\" scrolling=\"no\" src=\"https:\/\/www.facebook.com\/plugins\/video.php?height=314&amp;href=https%3A%2F%2Fweb.facebook.com%2Fyacine.benalouache.1%2Fvideos%2F2669148423383729%2F&amp;show_text=false&amp;width=560\" class=\"c6\" width=\"560\">[embedded content]<\/iframe><\/p>\n<p>Le wali de M&rsquo;sila, qui s&rsquo;est d\u00e9plac\u00e9 dans les lieux du drame,\u00a0a indiqu\u00e9 dans une d\u00e9claration \u00e0 la presse locale, que \u00ab\u00a0les trois victimes avaient tent\u00e9 de traverser les eaux du Oued\u00bb.<\/p>\n<p><iframe loading=\"lazy\" allow=\"accelerometer; autoplay; clipboard-write; encrypted-media; gyroscope; picture-in-picture\" allowfullscreen=\"allowfullscreen\" frameborder=\"0\" height=\"315\" src=\"https:\/\/www.youtube.com\/embed\/55xn4Ejw3S4\" title=\"YouTube video player\" width=\"560\">[embedded content]<\/iframe><\/p>\n<p class=\"c7\"><strong>R\u00e9daction Web\u00a0<\/strong><\/p>\n<\/div>\n<p>Auteur:<br \/>\n<a href=\"https:\/\/www.liberte-algerie.com\/actualite\/videos-une-mere-et-ses-deux-enfants-mortellement-emportes-par-les-eaux-dun-oued-358368\">Cliquez ici pour lire l&rsquo;article depuis sa source.<\/a><\/p>\n","protected":false},"excerpt":{"rendered":"<p>Une m\u00e8re et ses deux enfants, un jeune homme et une\u00a0fille, coinc\u00e9s dans une voiture, ont perdu la vie, aujourd\u2019hui, \u00e0 Boussaada, apr\u00e8s avoir \u00e9t\u00e9 emport\u00e9s par les eaux en furie d\u2019un Oued, suite aux fortes pluies qu\u2019a enregistr\u00e9 la wilaya de M\u2019sila, dans la nuit de mercredi \u00e0 jeudi.\u00a0 Dans deux vid\u00e9os, publi\u00e9e cet [&hellip;]<\/p>\n","protected":false},"author":1742,"featured_media":0,"comment_status":"closed","ping_status":"closed","sticky":false,"template":"","format":"standard","meta":{"fifu_image_url":"","fifu_image_alt":"","footnotes":""},"categories":[73,53],"tags":[],"class_list":["post-116264","post","type-post","status-publish","format-standard","hentry","category-actualite","category-algerie"],"_links":{"self":[{"href":"https:\/\/linitiative.ca\/International\/wp-json\/wp\/v2\/posts\/116264","targetHints":{"allow":["GET"]}}],"collection":[{"href":"https:\/\/linitiative.ca\/International\/wp-json\/wp\/v2\/posts"}],"about":[{"href":"https:\/\/linitiative.ca\/International\/wp-json\/wp\/v2\/types\/post"}],"author":[{"embeddable":true,"href":"https:\/\/linitiative.ca\/International\/wp-json\/wp\/v2\/users\/1742"}],"replies":[{"embeddable":true,"href":"https:\/\/linitiative.ca\/International\/wp-json\/wp\/v2\/comments?post=116264"}],"version-history":[{"count":0,"href":"https:\/\/linitiative.ca\/International\/wp-json\/wp\/v2\/posts\/116264\/revisions"}],"wp:attachment":[{"href":"https:\/\/linitiative.ca\/International\/wp-json\/wp\/v2\/media?parent=116264"}],"wp:term":[{"taxonomy":"category","embeddable":true,"href":"https:\/\/linitiative.ca\/International\/wp-json\/wp\/v2\/categories?post=116264"},{"taxonomy":"post_tag","embeddable":true,"href":"https:\/\/linitiative.ca\/International\/wp-json\/wp\/v2\/tags?post=116264"}],"curies":[{"name":"wp","href":"https:\/\/api.w.org\/{rel}","templated":true}]}}