{"id":116265,"date":"2021-05-06T11:35:00","date_gmt":"2021-05-06T15:35:00","guid":{"rendered":"https:\/\/linitiative.ca\/International\/photos-sauvetage-dun-enfant-coince-dans-les-eaux-en-furie-dun-oued\/"},"modified":"2021-05-06T11:35:00","modified_gmt":"2021-05-06T15:35:00","slug":"photos-sauvetage-dun-enfant-coince-dans-les-eaux-en-furie-dun-oued","status":"publish","type":"post","link":"https:\/\/linitiative.ca\/International\/photos-sauvetage-dun-enfant-coince-dans-les-eaux-en-furie-dun-oued\/","title":{"rendered":"[Photos] Sauvetage d\u2019un enfant coinc\u00e9 dans les eaux en furie d\u2019un oued"},"content":{"rendered":"<div id=\"originalText\" readability=\"51\">\n<p>Un enfant, qui visiblement ne d\u00e9passe pas les dix ans, a \u00e9t\u00e9 sauv\u00e9 d\u2019une mort certaine, ce jeudi, par des agents de la protection civile, apr\u00e8s qu\u2019il s\u2019est retrouv\u00e9 coinc\u00e9 au milieu des eaux en furie de oued Cha\u00efr, dans la wilaya de M\u2019sila, selon des photos publi\u00e9s sur la page facebook \u00ab\u00a0Info M&rsquo;sila 28\u00a0\u00bb.\u00a0<\/p>\n<p><img decoding=\"async\" alt=\"\" src=\"\/data\/upload\/182860872_164520958920738_7877863034842301881_n.jpg\" class=\"c6\"\/><\/p>\n<p><img decoding=\"async\" alt=\"\" src=\"\/data\/upload\/183073891_300256011666589_2838748655797766977_n.jpg\" class=\"c7\"\/><\/p>\n<p>Les intemp\u00e9ries qu\u2019a enregistr\u00e9 la r\u00e9gion entre la nuit de mercredi \u00e0 jeudi matin, a provoqu\u00e9 le d\u00e9bordement de plusieurs Oueds, causant au moins deux d\u00e9c\u00e8s \u00e0 M\u2019sila et trois autres, une m\u00e8re et ses enfants, \u00e0 Boussaada, selon d&rsquo;autres sources locales.<\/p>\n<p class=\"c8\"><strong>R\u00e9daction Web\u00a0\u00a0<\/strong><\/p>\n<\/div>\n<div id=\"text_core\" readability=\"51\">\n<p>Un enfant, qui visiblement ne d\u00e9passe pas les dix ans, a \u00e9t\u00e9 sauv\u00e9 d\u2019une mort certaine, ce jeudi, par des agents de la protection civile, apr\u00e8s qu\u2019il s\u2019est retrouv\u00e9 coinc\u00e9 au milieu des eaux en furie de oued Cha\u00efr, dans la wilaya de M\u2019sila, selon des photos publi\u00e9s sur la page facebook \u00ab\u00a0Info M&rsquo;sila 28\u00a0\u00bb.\u00a0<\/p>\n<p><img decoding=\"async\" alt=\"\" src=\"\/data\/upload\/182860872_164520958920738_7877863034842301881_n.jpg\" class=\"c6\"\/><\/p>\n<p><img decoding=\"async\" alt=\"\" src=\"\/data\/upload\/183073891_300256011666589_2838748655797766977_n.jpg\" class=\"c7\"\/><\/p>\n<p>Les intemp\u00e9ries qu\u2019a enregistr\u00e9 la r\u00e9gion entre la nuit de mercredi \u00e0 jeudi matin, a provoqu\u00e9 le d\u00e9bordement de plusieurs Oueds, causant au moins deux d\u00e9c\u00e8s \u00e0 M\u2019sila et trois autres, une m\u00e8re et ses enfants, \u00e0 Boussaada, selon d&rsquo;autres sources locales.<\/p>\n<p class=\"c8\"><strong>R\u00e9daction Web\u00a0\u00a0<\/strong><\/p>\n<\/div>\n<p>Auteur:<br \/>\n<a href=\"https:\/\/www.liberte-algerie.com\/actualite\/photos-sauvetage-dun-enfant-coince-dans-les-eaux-en-furie-dun-oued-358369\">Cliquez ici pour lire l&rsquo;article depuis sa source.<\/a><\/p>\n","protected":false},"excerpt":{"rendered":"<p>Un enfant, qui visiblement ne d\u00e9passe pas les dix ans, a \u00e9t\u00e9 sauv\u00e9 d\u2019une mort certaine, ce jeudi, par des agents de la protection civile, apr\u00e8s qu\u2019il s\u2019est retrouv\u00e9 coinc\u00e9 au milieu des eaux en furie de oued Cha\u00efr, dans la wilaya de M\u2019sila, selon des photos publi\u00e9s sur la page facebook \u00ab\u00a0Info M&rsquo;sila 28\u00a0\u00bb.\u00a0 [&hellip;]<\/p>\n","protected":false},"author":1742,"featured_media":0,"comment_status":"closed","ping_status":"closed","sticky":false,"template":"","format":"standard","meta":{"fifu_image_url":"\/data\/upload\/182860872_164520958920738_7877863034842301881_n.jpg","fifu_image_alt":"[Photos] Sauvetage d\u2019un enfant coinc\u00e9 dans les eaux en furie d\u2019un oued","footnotes":""},"categories":[73,53],"tags":[],"class_list":["post-116265","post","type-post","status-publish","format-standard","hentry","category-actualite","category-algerie"],"_links":{"self":[{"href":"https:\/\/linitiative.ca\/International\/wp-json\/wp\/v2\/posts\/116265","targetHints":{"allow":["GET"]}}],"collection":[{"href":"https:\/\/linitiative.ca\/International\/wp-json\/wp\/v2\/posts"}],"about":[{"href":"https:\/\/linitiative.ca\/International\/wp-json\/wp\/v2\/types\/post"}],"author":[{"embeddable":true,"href":"https:\/\/linitiative.ca\/International\/wp-json\/wp\/v2\/users\/1742"}],"replies":[{"embeddable":true,"href":"https:\/\/linitiative.ca\/International\/wp-json\/wp\/v2\/comments?post=116265"}],"version-history":[{"count":0,"href":"https:\/\/linitiative.ca\/International\/wp-json\/wp\/v2\/posts\/116265\/revisions"}],"wp:attachment":[{"href":"https:\/\/linitiative.ca\/International\/wp-json\/wp\/v2\/media?parent=116265"}],"wp:term":[{"taxonomy":"category","embeddable":true,"href":"https:\/\/linitiative.ca\/International\/wp-json\/wp\/v2\/categories?post=116265"},{"taxonomy":"post_tag","embeddable":true,"href":"https:\/\/linitiative.ca\/International\/wp-json\/wp\/v2\/tags?post=116265"}],"curies":[{"name":"wp","href":"https:\/\/api.w.org\/{rel}","templated":true}]}}