{"id":116267,"date":"2021-05-06T14:16:17","date_gmt":"2021-05-06T18:16:17","guid":{"rendered":"https:\/\/linitiative.ca\/International\/rencontre-sur-la-simplification-des-procedures-administratives\/"},"modified":"2021-05-06T14:16:17","modified_gmt":"2021-05-06T18:16:17","slug":"rencontre-sur-la-simplification-des-procedures-administratives","status":"publish","type":"post","link":"https:\/\/linitiative.ca\/International\/rencontre-sur-la-simplification-des-procedures-administratives\/","title":{"rendered":"Rencontre sur la simplification des proc\u00e9dures administratives"},"content":{"rendered":"<div readability=\"37\">\n<p>Tahanaout (province d\u2019Al Haouz) \u2013 Une rencontre de communication et de sensibilisation autour de la loi 55.19 relative \u00e0 la simplification des proc\u00e9dures et formalit\u00e9s administratives, a eu lieu, mercredi, au si\u00e8ge de la pr\u00e9fecture de la province d\u2019Al Haouz \u00e0 Tahanaout.<\/p>\n<\/div>\n<div readability=\"103\">\n<p>Cette r\u00e9union, qui s\u2019inscrit dans le cadre de la mise en \u0153uvre de la loi 55.19, a \u00e9t\u00e9 l\u2019occasion pour pr\u00e9senter les dispositions, les principes g\u00e9n\u00e9raux et objectifs de ce texte de loi, notamment en qui concerne l\u2019am\u00e9lioration des prestations fournies aux citoyens, l\u2019actualisation et la simplification des proc\u00e9dures et formalit\u00e9s administratives.<\/p>\n<p>S\u2019exprimant lors de cette rencontre \u00e0 laquelle ont pris part les responsables des administrations, des services ext\u00e9rieurs et des collectivit\u00e9s territoriales, le gouverneur de la province d\u2019Al Haouz, Rachid Benchikhi, a soulign\u00e9 l\u2019importance du chantier de simplification des proc\u00e9dures administratives, lanc\u00e9 conform\u00e9ment aux Hautes Instructions de Sa Majest\u00e9 le Roi Mohammed VI, et en ex\u00e9cution du programme gouvernemental dans le domaine de la r\u00e9forme de l\u2019administration et de la cons\u00e9cration de la bonne gouvernance.<\/p>\n<p>Il s\u2019agit d\u2019une r\u00e9forme de grande envergure visant \u00e0 renforcer la relation entre l\u2019administration et les usagers, \u00e0 simplifier l\u2019acc\u00e8s aux services administratifs publics et \u00e0 am\u00e9liorer le climat des affaires, a expliqu\u00e9 M. Benchikhi, ajoutant que ce chantier s\u2019inscrit dans le cadre d\u2019une vision holistique \u00e0 m\u00eame de rapprocher davantage l\u2019administration du citoyen et de promouvoir la bonne gouvernance, notamment dans le sillage de la r\u00e9gionalisation avanc\u00e9e.<\/p>\n<p>Apr\u00e8s avoir rappel\u00e9 les diff\u00e9rents documents et pi\u00e8ces administratives bannis par cette loi, le gouverneur a indiqu\u00e9 que cette op\u00e9ration se traduit, notamment, par le lancement d\u2019une plateforme num\u00e9rique permettant de faciliter les proc\u00e9dures administratives et d\u2019assurer un meilleur suivi des demandes des usagers.<\/p>\n<p>Dans ce sens, il a appel\u00e9 les diff\u00e9rentes parties concern\u00e9es \u00e0 \u0153uvrer sans rel\u00e2che pour la r\u00e9ussite de ce chantier, \u00e0 travers la mise en application saine et optimale des dispositions de la loi 55.19, afin d\u2019atteindre les objectifs souhait\u00e9s.<\/p>\n<p>Pour sa part, le chef de la Division des collectivit\u00e9s territoriales \u00e0 la pr\u00e9fecture, M. Saber Mamoun, a pr\u00e9sent\u00e9 un expos\u00e9 ax\u00e9 essentiellement sur les dispositions de cette loi et son champ d\u2019application, avec un focus sur les principes g\u00e9n\u00e9raux et les nouvelles r\u00e8gles instaur\u00e9es par ce nouveau texte.<\/p>\n<p>Cette r\u00e9union marque le lancement d\u2019une s\u00e9rie de rencontres de sensibilisation et de formation sur les dispositions de cette loi, qui seront organis\u00e9es \u00e0 l\u2019avenir, avec la participation des cadres et fonctionnaires des administrations publiques, des collectivit\u00e9s territoriales, des professionnels et des acteurs de la soci\u00e9t\u00e9 civile.<\/p>\n<p>Ont pris part \u00e9galement \u00e0 cette r\u00e9union, le pr\u00e9sident du Conseil provincial, les pr\u00e9sidents des collectivit\u00e9s territoriales et du groupement des communes de la province, les agents d\u2019autorit\u00e9 et les chefs des services ext\u00e9rieurs, ainsi que des acteurs \u00e9conomiques et des repr\u00e9sentants de la soci\u00e9t\u00e9 civile, outre plus de 100 participants par visioconf\u00e9rence.<\/p>\n<\/div>\n<p>Auteur: Meriem IGASS<br \/>\n<a href=\"http:\/\/www.mapmarrakech.ma\/fr\/rencontre-sur-la-simplification-des-procedures-administratives\/\">Cliquez ici pour lire l&rsquo;article depuis sa source.<\/a><\/p>\n","protected":false},"excerpt":{"rendered":"<p>Tahanaout (province d\u2019Al Haouz) \u2013 Une rencontre de communication et de sensibilisation autour de la loi 55.19 relative \u00e0 la simplification des proc\u00e9dures et formalit\u00e9s administratives, a eu lieu, mercredi, au si\u00e8ge de la pr\u00e9fecture de la province d\u2019Al Haouz \u00e0 Tahanaout. Cette r\u00e9union, qui s\u2019inscrit dans le cadre de la mise en \u0153uvre de [&hellip;]<\/p>\n","protected":false},"author":1788,"featured_media":0,"comment_status":"closed","ping_status":"closed","sticky":false,"template":"","format":"standard","meta":{"fifu_image_url":"","fifu_image_alt":"","footnotes":""},"categories":[54,76],"tags":[],"class_list":["post-116267","post","type-post","status-publish","format-standard","hentry","category-maroc","category-regions"],"_links":{"self":[{"href":"https:\/\/linitiative.ca\/International\/wp-json\/wp\/v2\/posts\/116267","targetHints":{"allow":["GET"]}}],"collection":[{"href":"https:\/\/linitiative.ca\/International\/wp-json\/wp\/v2\/posts"}],"about":[{"href":"https:\/\/linitiative.ca\/International\/wp-json\/wp\/v2\/types\/post"}],"author":[{"embeddable":true,"href":"https:\/\/linitiative.ca\/International\/wp-json\/wp\/v2\/users\/1788"}],"replies":[{"embeddable":true,"href":"https:\/\/linitiative.ca\/International\/wp-json\/wp\/v2\/comments?post=116267"}],"version-history":[{"count":0,"href":"https:\/\/linitiative.ca\/International\/wp-json\/wp\/v2\/posts\/116267\/revisions"}],"wp:attachment":[{"href":"https:\/\/linitiative.ca\/International\/wp-json\/wp\/v2\/media?parent=116267"}],"wp:term":[{"taxonomy":"category","embeddable":true,"href":"https:\/\/linitiative.ca\/International\/wp-json\/wp\/v2\/categories?post=116267"},{"taxonomy":"post_tag","embeddable":true,"href":"https:\/\/linitiative.ca\/International\/wp-json\/wp\/v2\/tags?post=116267"}],"curies":[{"name":"wp","href":"https:\/\/api.w.org\/{rel}","templated":true}]}}