{"id":116268,"date":"2021-05-05T16:47:05","date_gmt":"2021-05-05T20:47:05","guid":{"rendered":"https:\/\/linitiative.ca\/International\/oujda-baisse-de-01-pc-de-lipc-en-mars\/"},"modified":"2021-05-05T16:47:05","modified_gmt":"2021-05-05T20:47:05","slug":"oujda-baisse-de-01-pc-de-lipc-en-mars","status":"publish","type":"post","link":"https:\/\/linitiative.ca\/International\/oujda-baisse-de-01-pc-de-lipc-en-mars\/","title":{"rendered":"Oujda : Baisse de 0,1 pc de l\u2019IPC en mars"},"content":{"rendered":"<p class=\"c4\">L\u2019Indice des prix \u00e0 la consommation (IPC) au niveau de la ville d\u2019Oujda a connu au cours du mois de mars dernier une baisse de 0,1 pc par rapport au mois pr\u00e9c\u00e9dent.<\/p>\n<p class=\"c4\">Cette variation est le r\u00e9sultat de l\u2019effet conjugu\u00e9 de la baisse de l\u2019indice des produits alimentaires de 0,3 pc et de la hausse de l\u2019indice des produits non alimentaires de 0,1 pc, explique la direction r\u00e9gionale de l\u2019Oriental du Haut-commissariat au plan (HCP) dans une note d\u2019information relative \u00e0 l\u2019IPC du mois de mars 2021.<\/p>\n<p class=\"c4\">Les hausses des prix des produits alimentaires observ\u00e9es entre f\u00e9vrier et mars de l\u2019ann\u00e9e en cours concernent principalement le \u00ablait, fromage et oeufs \u00bb avec 1,1 pc, les \u00abhuiles et graisses\u00bb avec 0,9 pc, les \u00abl\u00e9gumes\u00bb avec 0,2 pc et les \u00abfruits\u00bb avec 0,1 pc. En revanche, les prix ont diminu\u00e9 de 6,7 % pour les \u00abpoissons et fruits de mer\u00bb et de 0,2 pc pour les \u00abviandes\u00bb.<\/p>\n<p class=\"c4\">Pour les produits non alimentaires, la hausse a concern\u00e9 essentiellement les prix des \u00abcarburants et lubrifiants pour v\u00e9hicules de tourisme\u00bb avec 2,7 pc.<\/p>\n<p class=\"c4\">Compar\u00e9 au m\u00eame mois de l\u2019ann\u00e9e pr\u00e9c\u00e9dente, pr\u00e9cise la m\u00eame source, l\u2019indice des prix \u00e0 la consommation a enregistr\u00e9 au cours du mois de mars 2021 une baisse de 0,7 pc r\u00e9sultant de la baisse importante de l\u2019indice des prix des produits alimentaires de 2,4 pc et de la hausse de celui des produits non alimentaires de 0,7 pc.<\/p>\n<p class=\"c4\">La baisse de l\u2019indice des prix des produits alimentaires est le r\u00e9sultat de la baisse des prix des \u00abproduits alimentaires et boissons non alcoolis\u00e9es\u00bb de 2,7 pc et de la hausse des prix des \u00abboissons alcoolis\u00e9es et tabac\u00bb de 4,3 pc.<\/p>\n<p class=\"c4\">Pour ce qui des produits non alimentaires, les variations importantes enregistr\u00e9es vont d\u2019une baisse de 1,7 pc pour l\u2019indice des prix des \u00abarticles d\u2019habillements et chaussures\u00bb \u00e0 une hausse de 4,3 pc pour l\u2019indice de la division \u00abtransport\u00bb.<\/p>\n<p class=\"c4\">Quant \u00e0 l\u2019indice des prix \u00e0 la consommation des trois premiers mois de l\u2019ann\u00e9e 2021, il a connu une baisse de 0,4 pc par rapport \u00e0 la m\u00eame p\u00e9riode de l\u2019ann\u00e9e pr\u00e9c\u00e9dente, ajoute encore le HCP, faisant savoir que la baisse est due au recul de l\u2019indice des prix des produits alimentaires de 1,2 pc et \u00e0 la hausse de l\u2019indice des produits non alimentaires de 0,2 pc.<\/p>\n<p>Auteur: Soufiane ELAHMAR<br \/>\n<a href=\"http:\/\/www.mapoujda.ma\/fr\/oujda-baisse-de-01-pc-de-lipc-en-mars\/\">Cliquez ici pour lire l&rsquo;article depuis sa source.<\/a><\/p>\n","protected":false},"excerpt":{"rendered":"<p>L\u2019Indice des prix \u00e0 la consommation (IPC) au niveau de la ville d\u2019Oujda a connu au cours du mois de mars dernier une baisse de 0,1 pc par rapport au mois pr\u00e9c\u00e9dent. Cette variation est le r\u00e9sultat de l\u2019effet conjugu\u00e9 de la baisse de l\u2019indice des produits alimentaires de 0,3 pc et de la hausse [&hellip;]<\/p>\n","protected":false},"author":1788,"featured_media":0,"comment_status":"closed","ping_status":"closed","sticky":false,"template":"","format":"standard","meta":{"fifu_image_url":"","fifu_image_alt":"","footnotes":""},"categories":[54,76],"tags":[],"class_list":["post-116268","post","type-post","status-publish","format-standard","hentry","category-maroc","category-regions"],"_links":{"self":[{"href":"https:\/\/linitiative.ca\/International\/wp-json\/wp\/v2\/posts\/116268","targetHints":{"allow":["GET"]}}],"collection":[{"href":"https:\/\/linitiative.ca\/International\/wp-json\/wp\/v2\/posts"}],"about":[{"href":"https:\/\/linitiative.ca\/International\/wp-json\/wp\/v2\/types\/post"}],"author":[{"embeddable":true,"href":"https:\/\/linitiative.ca\/International\/wp-json\/wp\/v2\/users\/1788"}],"replies":[{"embeddable":true,"href":"https:\/\/linitiative.ca\/International\/wp-json\/wp\/v2\/comments?post=116268"}],"version-history":[{"count":0,"href":"https:\/\/linitiative.ca\/International\/wp-json\/wp\/v2\/posts\/116268\/revisions"}],"wp:attachment":[{"href":"https:\/\/linitiative.ca\/International\/wp-json\/wp\/v2\/media?parent=116268"}],"wp:term":[{"taxonomy":"category","embeddable":true,"href":"https:\/\/linitiative.ca\/International\/wp-json\/wp\/v2\/categories?post=116268"},{"taxonomy":"post_tag","embeddable":true,"href":"https:\/\/linitiative.ca\/International\/wp-json\/wp\/v2\/tags?post=116268"}],"curies":[{"name":"wp","href":"https:\/\/api.w.org\/{rel}","templated":true}]}}