{"id":116269,"date":"2021-05-05T18:26:55","date_gmt":"2021-05-05T22:26:55","guid":{"rendered":"https:\/\/linitiative.ca\/International\/oujda-une-journee-de-communication-autour-de-la-loi-n55-19\/"},"modified":"2021-05-05T18:26:55","modified_gmt":"2021-05-05T22:26:55","slug":"oujda-une-journee-de-communication-autour-de-la-loi-n55-19","status":"publish","type":"post","link":"https:\/\/linitiative.ca\/International\/oujda-une-journee-de-communication-autour-de-la-loi-n55-19\/","title":{"rendered":"Oujda : Une journ\u00e9e de communication autour de la loi n\u00b055-19"},"content":{"rendered":"<p class=\"c4\">Le si\u00e8ge de la Wilaya de l\u2019Oriental \u00e0 Oujda a accueilli, mercredi, une journ\u00e9e de communication et de sensibilisation autour de la loi 55.19 relative \u00e0 la simplification des proc\u00e9dures et formalit\u00e9s administratives.<\/p>\n<p class=\"c4\">Cette rencontre, qui s\u2019inscrit dans le cadre de la mise en \u0153uvre de la loi 55.19, est destin\u00e9e aux responsables des administrations, services d\u00e9centralis\u00e9s et collectivit\u00e9s locales, en vue de mettre la lumi\u00e8re sur les dispositions de ce texte juridique, ses principes et ses objectifs en mati\u00e8re d\u2019am\u00e9lioration des services rendus aux citoyens et de modernisation et de simplification des proc\u00e9dures et formalit\u00e9s administratives.<\/p>\n<p class=\"c4\">Intervenant \u00e0 l\u2019ouverture de cette rencontre, le Wali de la r\u00e9gion de l\u2019Oriental, gouverneur de la pr\u00e9fecture d\u2019Oujda-Angad, Mouad El Jamai a mis en exergue l\u2019importance du chantier de la simplification des proc\u00e9dures et formalit\u00e9s administratives, lanc\u00e9 conform\u00e9ment aux Hautes orientations de SM le Roi Mohammed VI et en application du programme gouvernemental en mati\u00e8re de r\u00e9forme de l\u2019administration et de cons\u00e9cration de la bonne gouvernance.<\/p>\n<p class=\"c4\">Il s\u2019agit d\u2019une r\u00e9forme de grande envergure visant \u00e0 am\u00e9liorer la relation entre l\u2019administration et les usagers, faciliter l\u2019acc\u00e8s aux services administratifs publics et am\u00e9liorer le climat des affaires, a-t-il soulign\u00e9, relevant que ce chantier participe d\u2019une vision globale pour le rapprochement de l\u2019administration du citoyen et la promotion de la bonne gouvernance, notamment dans le sillage de la r\u00e9gionalisation avanc\u00e9e.<\/p>\n<p class=\"c4\">Cette orientation se traduit, entre autres, par la mise en place de plateformes num\u00e9riques permettant de faciliter les d\u00e9marches et formalit\u00e9s administratives et assurer un meilleur suivi des demandes des usagers, comme \u00abwatiqa.ma\u00bb, \u00abrokhas.ma\u00bb et \u00abchikaya.ma\u00bb, ainsi que le portail national des proc\u00e9dures et formalit\u00e9s administratives \u00abidarati.ma\u00bb, a relev\u00e9 M. El Jamai.<\/p>\n<p class=\"c4\">Il a aussi appel\u00e9 l\u2019ensemble des parties concern\u00e9es \u00e0 \u0153uvrer pour assurer le succ\u00e8s du chantier de la simplification des proc\u00e9dures administratives \u00e0 travers la bonne application des dispositions de la loi 55.19, afin d\u2019atteindre les objectifs fix\u00e9s.<\/p>\n<p class=\"c4\">De son c\u00f4t\u00e9, le chef du service des collectivit\u00e9s territoriales \u00e0 la Wilaya de l\u2019Oriental, Noureddine Bayad, a pass\u00e9 en revue le contexte, les dispositions et le domaine d\u2019application de la loi 55.19 relative \u00e0 la simplification des proc\u00e9dures et formalit\u00e9s administratives.<\/p>\n<p class=\"c4\">Il a mis l\u2019accent, \u00e0 cet \u00e9gard, sur les principes g\u00e9n\u00e9raux fondamentaux de cette loi, en particulier les principes de la confiance entre l\u2019usager et l\u2019administration, la transparence des proc\u00e9dures et formalit\u00e9s, leur simplification et l\u2019interpr\u00e9tation du silence de l\u2019administration, apr\u00e8s l\u2019\u00e9coulement des d\u00e9lais impartis, comme une acceptation de la demande selon les conditions pr\u00e9vues par la loi.<\/p>\n<p class=\"c4\">Ce texte juridique a aussi apport\u00e9 un ensemble de r\u00e8gles organisant les proc\u00e9dures et formalit\u00e9s li\u00e9es aux d\u00e9cisions administratives, dans le sens d\u2019un all\u00e9gement des proc\u00e9dures au b\u00e9n\u00e9fice du citoyen, des entreprises et de l\u2019ensemble des composantes de la soci\u00e9t\u00e9, a-t-il not\u00e9.<\/p>\n<p class=\"c4\">Cette journ\u00e9e de communication ouvre la voie \u00e0 une s\u00e9rie de rencontres de sensibilisation et de formation sur les dispositions de cette loi, qui se tiendront au profit des cadres et fonctionnaires des administrations et des collectivit\u00e9s territoriales ainsi que des professionnels et acteurs de la soci\u00e9t\u00e9 civile.<\/p>\n<p>Auteur: Soufiane ELAHMAR<br \/>\n<a href=\"http:\/\/www.mapoujda.ma\/fr\/oujda-une-journee-de-communication-autour-de-la-loi-n55-19\/\">Cliquez ici pour lire l&rsquo;article depuis sa source.<\/a><\/p>\n","protected":false},"excerpt":{"rendered":"<p>Le si\u00e8ge de la Wilaya de l\u2019Oriental \u00e0 Oujda a accueilli, mercredi, une journ\u00e9e de communication et de sensibilisation autour de la loi 55.19 relative \u00e0 la simplification des proc\u00e9dures et formalit\u00e9s administratives. Cette rencontre, qui s\u2019inscrit dans le cadre de la mise en \u0153uvre de la loi 55.19, est destin\u00e9e aux responsables des administrations, [&hellip;]<\/p>\n","protected":false},"author":1788,"featured_media":0,"comment_status":"closed","ping_status":"closed","sticky":false,"template":"","format":"standard","meta":{"fifu_image_url":"","fifu_image_alt":"","footnotes":""},"categories":[54,76],"tags":[],"class_list":["post-116269","post","type-post","status-publish","format-standard","hentry","category-maroc","category-regions"],"_links":{"self":[{"href":"https:\/\/linitiative.ca\/International\/wp-json\/wp\/v2\/posts\/116269","targetHints":{"allow":["GET"]}}],"collection":[{"href":"https:\/\/linitiative.ca\/International\/wp-json\/wp\/v2\/posts"}],"about":[{"href":"https:\/\/linitiative.ca\/International\/wp-json\/wp\/v2\/types\/post"}],"author":[{"embeddable":true,"href":"https:\/\/linitiative.ca\/International\/wp-json\/wp\/v2\/users\/1788"}],"replies":[{"embeddable":true,"href":"https:\/\/linitiative.ca\/International\/wp-json\/wp\/v2\/comments?post=116269"}],"version-history":[{"count":0,"href":"https:\/\/linitiative.ca\/International\/wp-json\/wp\/v2\/posts\/116269\/revisions"}],"wp:attachment":[{"href":"https:\/\/linitiative.ca\/International\/wp-json\/wp\/v2\/media?parent=116269"}],"wp:term":[{"taxonomy":"category","embeddable":true,"href":"https:\/\/linitiative.ca\/International\/wp-json\/wp\/v2\/categories?post=116269"},{"taxonomy":"post_tag","embeddable":true,"href":"https:\/\/linitiative.ca\/International\/wp-json\/wp\/v2\/tags?post=116269"}],"curies":[{"name":"wp","href":"https:\/\/api.w.org\/{rel}","templated":true}]}}