{"id":116271,"date":"2021-05-06T10:40:53","date_gmt":"2021-05-06T14:40:53","guid":{"rendered":"https:\/\/linitiative.ca\/International\/nador-mise-en-echec-dune-operation-dimmigration-clandestine\/"},"modified":"2021-05-06T10:40:53","modified_gmt":"2021-05-06T14:40:53","slug":"nador-mise-en-echec-dune-operation-dimmigration-clandestine","status":"publish","type":"post","link":"https:\/\/linitiative.ca\/International\/nador-mise-en-echec-dune-operation-dimmigration-clandestine\/","title":{"rendered":"Nador : mise en \u00e9chec d\u2019une op\u00e9ration d\u2019immigration clandestine"},"content":{"rendered":"<div class=\"single-featured\"><img alt=\"\" data-src=\"http:\/\/www.mapoujda.ma\/map\/uploads\/2020\/03\/Arrestation-dun-individu-M750\u00d7430-ARCHIVE-1.jpg\"\/><\/div>\n<div class=\"entry-content clearfix single-post-content\" readability=\"63\">\n<p class=\"c4\">Les \u00e9l\u00e9ments de la brigade de la police judiciaire relevant du district provincial de s\u00fbret\u00e9 \u00e0 Nador, en \u00e9troite collaboration avec la Direction g\u00e9n\u00e9rale de la surveillance du territoire (DGST), ont mis en \u00e9chec, aux premi\u00e8res heures de jeudi, une op\u00e9ration d\u2019immigration clandestine et interpell\u00e9 un individu pour lien pr\u00e9sum\u00e9 avec un r\u00e9seau criminel s\u2019activant dans l\u2019organisation de la migration ill\u00e9gale et la traite d\u2019\u00eatres humains.<\/p>\n<p class=\"c4\">Le mis en cause a \u00e9t\u00e9 interpell\u00e9 au niveau de la zone Tamsamane \u00e0 quelque 80 km de la ville d\u2019Al Hoceima, en flagrant d\u00e9lit de pr\u00e9paration d\u2019une op\u00e9ration de migration irr\u00e9guli\u00e8re par voie maritime, indique un communiqu\u00e9 de la Direction g\u00e9n\u00e9rale de la s\u00fbret\u00e9 nationale (DGSN), pr\u00e9cisant que le suspect \u00e9tait en compagnie de huit candidats \u00e0 l\u2019\u00e9migration irr\u00e9guli\u00e8re.<\/p>\n<p class=\"c4\">Les perquisitions ont permis de saisir trois v\u00e9hicules l\u00e9gers, 20 t\u00e9l\u00e9phones portables, du mat\u00e9riel de navigation maritime dont 17 gilets de sauvetage, deux boussoles, des pompes \u00e0 air, de 8 jerricans contenant 200 litres de carburants et des sommes d\u2019argent en devise et en monnaie nationale soup\u00e7onn\u00e9es provenir de cette activit\u00e9 criminelle.<\/p>\n<p class=\"c4\">Les pr\u00e9venus ont \u00e9t\u00e9 plac\u00e9s en garde \u00e0 vue \u00e0 la disposition de l\u2019enqu\u00eate men\u00e9e sous la supervision du parquet comp\u00e9tent pour \u00e9lucider cette affaire, ainsi que les \u00e9ventuelles ramifications de cette activit\u00e9 criminelle, conclut la m\u00eame source.<\/p>\n<\/div>\n<p>Auteur: Soufiane ELAHMAR<br \/>\n<a href=\"http:\/\/www.mapoujda.ma\/fr\/nador-mise-en-echec-dune-operation-dimmigration-clandestine\/\">Cliquez ici pour lire l&rsquo;article depuis sa source.<\/a><\/p>\n","protected":false},"excerpt":{"rendered":"<p>Les \u00e9l\u00e9ments de la brigade de la police judiciaire relevant du district provincial de s\u00fbret\u00e9 \u00e0 Nador, en \u00e9troite collaboration avec la Direction g\u00e9n\u00e9rale de la surveillance du territoire (DGST), ont mis en \u00e9chec, aux premi\u00e8res heures de jeudi, une op\u00e9ration d\u2019immigration clandestine et interpell\u00e9 un individu pour lien pr\u00e9sum\u00e9 avec un r\u00e9seau criminel s\u2019activant [&hellip;]<\/p>\n","protected":false},"author":1788,"featured_media":0,"comment_status":"closed","ping_status":"closed","sticky":false,"template":"","format":"standard","meta":{"fifu_image_url":"http:\/\/www.mapoujda.ma\/map\/uploads\/2020\/03\/Arrestation-dun-individu-M750\u00d7430-ARCHIVE-1.jpg","fifu_image_alt":"Nador : mise en \u00e9chec d\u2019une op\u00e9ration d\u2019immigration clandestine","footnotes":""},"categories":[54,76],"tags":[],"class_list":["post-116271","post","type-post","status-publish","format-standard","hentry","category-maroc","category-regions"],"_links":{"self":[{"href":"https:\/\/linitiative.ca\/International\/wp-json\/wp\/v2\/posts\/116271","targetHints":{"allow":["GET"]}}],"collection":[{"href":"https:\/\/linitiative.ca\/International\/wp-json\/wp\/v2\/posts"}],"about":[{"href":"https:\/\/linitiative.ca\/International\/wp-json\/wp\/v2\/types\/post"}],"author":[{"embeddable":true,"href":"https:\/\/linitiative.ca\/International\/wp-json\/wp\/v2\/users\/1788"}],"replies":[{"embeddable":true,"href":"https:\/\/linitiative.ca\/International\/wp-json\/wp\/v2\/comments?post=116271"}],"version-history":[{"count":0,"href":"https:\/\/linitiative.ca\/International\/wp-json\/wp\/v2\/posts\/116271\/revisions"}],"wp:attachment":[{"href":"https:\/\/linitiative.ca\/International\/wp-json\/wp\/v2\/media?parent=116271"}],"wp:term":[{"taxonomy":"category","embeddable":true,"href":"https:\/\/linitiative.ca\/International\/wp-json\/wp\/v2\/categories?post=116271"},{"taxonomy":"post_tag","embeddable":true,"href":"https:\/\/linitiative.ca\/International\/wp-json\/wp\/v2\/tags?post=116271"}],"curies":[{"name":"wp","href":"https:\/\/api.w.org\/{rel}","templated":true}]}}