{"id":116273,"date":"2021-05-06T09:31:13","date_gmt":"2021-05-06T13:31:13","guid":{"rendered":"https:\/\/linitiative.ca\/International\/maroc-allemagne-rappel-de-lambassadeur-a-berlin\/"},"modified":"2021-05-06T09:31:13","modified_gmt":"2021-05-06T13:31:13","slug":"maroc-allemagne-rappel-de-lambassadeur-a-berlin","status":"publish","type":"post","link":"https:\/\/linitiative.ca\/International\/maroc-allemagne-rappel-de-lambassadeur-a-berlin\/","title":{"rendered":"Maroc-Allemagne: Rappel de l\u2019ambassadeur \u00e0 Berlin"},"content":{"rendered":"<p class=\"rtejustify\">Nouveau rebondissement dans les relations entre le Maroc et l\u2019Allemagne. Le minist\u00e8re des Affaires \u00e9trang\u00e8res a annonc\u00e9 le rappel, pour consultations, de l\u2019ambassadeur de Sa Majest\u00e9 \u00e0 Berlin.<\/p>\n<p class=\"rtejustify\">\u00abLa R\u00e9publique f\u00e9d\u00e9rale d\u2019Allemagne a multipli\u00e9 les actes hostiles et les actions attentatoires \u00e0 l\u2019\u00e9gard des int\u00e9r\u00eats sup\u00e9rieurs du Royaume du Maroc\u00bb, est-il indiqu\u00e9. Pour le Maroc, Berlin \u00abs\u2019est d\u00e9marqu\u00e9e par une attitude n\u00e9gative sur la question du Sahara marocain\u00bb.<\/p>\n<p class=\"rtejustify\">Son \u00abactivisme antagonique, \u00e0 la suite de la proclamation pr\u00e9sidentielle am\u00e9ricaine reconnaissant la souverainet\u00e9 du Maroc sur son Sahara, est un acte grave qui demeure jusqu\u2019\u00e0 pr\u00e9sent inexpliqu\u00e9\u00bb.<\/p>\n<p class=\"rtejustify\"><em>M.A.M<\/em><\/p>\n<p>Auteur: mbasraoui<br \/>\n<a href=\"https:\/\/www.leconomiste.com\/flash-infos\/maroc-allemagne-rappel-de-l-ambassadeur-berlin\">Cliquez ici pour lire l&rsquo;article depuis sa source.<\/a><\/p>\n","protected":false},"excerpt":{"rendered":"<p>Nouveau rebondissement dans les relations entre le Maroc et l\u2019Allemagne. Le minist\u00e8re des Affaires \u00e9trang\u00e8res a annonc\u00e9 le rappel, pour consultations, de l\u2019ambassadeur de Sa Majest\u00e9 \u00e0 Berlin. \u00abLa R\u00e9publique f\u00e9d\u00e9rale d\u2019Allemagne a multipli\u00e9 les actes hostiles et les actions attentatoires \u00e0 l\u2019\u00e9gard des int\u00e9r\u00eats sup\u00e9rieurs du Royaume du Maroc\u00bb, est-il indiqu\u00e9. Pour le Maroc, [&hellip;]<\/p>\n","protected":false},"author":1763,"featured_media":0,"comment_status":"closed","ping_status":"closed","sticky":false,"template":"","format":"standard","meta":{"fifu_image_url":"","fifu_image_alt":"","footnotes":""},"categories":[78,54],"tags":[],"class_list":["post-116273","post","type-post","status-publish","format-standard","hentry","category-economie","category-maroc"],"_links":{"self":[{"href":"https:\/\/linitiative.ca\/International\/wp-json\/wp\/v2\/posts\/116273","targetHints":{"allow":["GET"]}}],"collection":[{"href":"https:\/\/linitiative.ca\/International\/wp-json\/wp\/v2\/posts"}],"about":[{"href":"https:\/\/linitiative.ca\/International\/wp-json\/wp\/v2\/types\/post"}],"author":[{"embeddable":true,"href":"https:\/\/linitiative.ca\/International\/wp-json\/wp\/v2\/users\/1763"}],"replies":[{"embeddable":true,"href":"https:\/\/linitiative.ca\/International\/wp-json\/wp\/v2\/comments?post=116273"}],"version-history":[{"count":0,"href":"https:\/\/linitiative.ca\/International\/wp-json\/wp\/v2\/posts\/116273\/revisions"}],"wp:attachment":[{"href":"https:\/\/linitiative.ca\/International\/wp-json\/wp\/v2\/media?parent=116273"}],"wp:term":[{"taxonomy":"category","embeddable":true,"href":"https:\/\/linitiative.ca\/International\/wp-json\/wp\/v2\/categories?post=116273"},{"taxonomy":"post_tag","embeddable":true,"href":"https:\/\/linitiative.ca\/International\/wp-json\/wp\/v2\/tags?post=116273"}],"curies":[{"name":"wp","href":"https:\/\/api.w.org\/{rel}","templated":true}]}}