{"id":116274,"date":"2021-05-06T10:18:38","date_gmt":"2021-05-06T14:18:38","guid":{"rendered":"https:\/\/linitiative.ca\/International\/cnra-une-rente-pour-les-beneficiaires-de-lier\/"},"modified":"2021-05-06T10:18:38","modified_gmt":"2021-05-06T14:18:38","slug":"cnra-une-rente-pour-les-beneficiaires-de-lier","status":"publish","type":"post","link":"https:\/\/linitiative.ca\/International\/cnra-une-rente-pour-les-beneficiaires-de-lier\/","title":{"rendered":"CNRA: Une rente pour les b\u00e9n\u00e9ficiaires de l\u2019IER"},"content":{"rendered":"<p class=\"rtejustify\">Les b\u00e9n\u00e9ficiaires de l\u2019Instance \u00c9quit\u00e9 et R\u00e9conciliation (IER) auront une rente viag\u00e8re compl\u00e9mentaire. Une convention pour la mise en place de ce produit \u00ab INSAF \u00bb a \u00e9t\u00e9 conclue par la Caisse nationale de retraite et d\u2019assurance (CNRA) g\u00e9r\u00e9e par la CDG et le Conseil national des droits de l\u2019homme (CNDH). .<\/p>\n<p class=\"rtejustify\">Le produit \u00ab INSAF \u00bb mis en place par la CNRA vise \u00e0 assurer une rente viag\u00e8re compl\u00e9mentaire pour des b\u00e9n\u00e9ficiaires issus des recommandations de l\u2019IER, ayant \u00e9t\u00e9 r\u00e9ins\u00e9r\u00e9s dans le secteur public \u00e0 des \u00e2ges tardifs ne leur permettant d\u2019acc\u00e9der \u00e0 des niveaux de pension convenables \u00e0 l\u2019\u00e2ge de d\u00e9part \u00e0 la retraite, indique-t-on.<\/p>\n<p class=\"rtejustify\">\u00a0<\/p>\n<p>Auteur: mbasraoui<br \/>\n<a href=\"https:\/\/www.leconomiste.com\/flash-infos\/cnra-une-rente-pour-les-beneficiaires-de-l-ier\">Cliquez ici pour lire l&rsquo;article depuis sa source.<\/a><\/p>\n","protected":false},"excerpt":{"rendered":"<p>Les b\u00e9n\u00e9ficiaires de l\u2019Instance \u00c9quit\u00e9 et R\u00e9conciliation (IER) auront une rente viag\u00e8re compl\u00e9mentaire. Une convention pour la mise en place de ce produit \u00ab INSAF \u00bb a \u00e9t\u00e9 conclue par la Caisse nationale de retraite et d\u2019assurance (CNRA) g\u00e9r\u00e9e par la CDG et le Conseil national des droits de l\u2019homme (CNDH). . Le produit \u00ab [&hellip;]<\/p>\n","protected":false},"author":1763,"featured_media":0,"comment_status":"closed","ping_status":"closed","sticky":false,"template":"","format":"standard","meta":{"fifu_image_url":"","fifu_image_alt":"","footnotes":""},"categories":[78,54],"tags":[],"class_list":["post-116274","post","type-post","status-publish","format-standard","hentry","category-economie","category-maroc"],"_links":{"self":[{"href":"https:\/\/linitiative.ca\/International\/wp-json\/wp\/v2\/posts\/116274","targetHints":{"allow":["GET"]}}],"collection":[{"href":"https:\/\/linitiative.ca\/International\/wp-json\/wp\/v2\/posts"}],"about":[{"href":"https:\/\/linitiative.ca\/International\/wp-json\/wp\/v2\/types\/post"}],"author":[{"embeddable":true,"href":"https:\/\/linitiative.ca\/International\/wp-json\/wp\/v2\/users\/1763"}],"replies":[{"embeddable":true,"href":"https:\/\/linitiative.ca\/International\/wp-json\/wp\/v2\/comments?post=116274"}],"version-history":[{"count":0,"href":"https:\/\/linitiative.ca\/International\/wp-json\/wp\/v2\/posts\/116274\/revisions"}],"wp:attachment":[{"href":"https:\/\/linitiative.ca\/International\/wp-json\/wp\/v2\/media?parent=116274"}],"wp:term":[{"taxonomy":"category","embeddable":true,"href":"https:\/\/linitiative.ca\/International\/wp-json\/wp\/v2\/categories?post=116274"},{"taxonomy":"post_tag","embeddable":true,"href":"https:\/\/linitiative.ca\/International\/wp-json\/wp\/v2\/tags?post=116274"}],"curies":[{"name":"wp","href":"https:\/\/api.w.org\/{rel}","templated":true}]}}