{"id":116276,"date":"2021-05-06T12:46:25","date_gmt":"2021-05-06T16:46:25","guid":{"rendered":"https:\/\/linitiative.ca\/International\/covid-19-plus-de-43-millions-de-personnes-completement-vaccinees\/"},"modified":"2021-05-06T12:46:25","modified_gmt":"2021-05-06T16:46:25","slug":"covid-19-plus-de-43-millions-de-personnes-completement-vaccinees","status":"publish","type":"post","link":"https:\/\/linitiative.ca\/International\/covid-19-plus-de-43-millions-de-personnes-completement-vaccinees\/","title":{"rendered":"Covid-19: Plus de 4,3 millions de personnes compl\u00e8tement vaccin\u00e9es"},"content":{"rendered":"<p class=\"rtejustify\">Le nombre des personnes ayant re\u00e7u la premi\u00e8re dose du vaccin anti-covid a atteint 5.334.087 \u00e0 ce jour, a annonc\u00e9 jeudi le minist\u00e8re de la Sant\u00e9, relevant que les personnes qui ont \u00e9t\u00e9 compl\u00e8tement vaccin\u00e9es (1\u00e8re et 2\u00e8me doses) sont au nombre de 4.346.867.<\/p>\n<p class=\"rtejustify\">Par ailleurs, un total de 360 nouveaux cas d&rsquo;infection au coronavirus et 426 gu\u00e9risons a \u00e9t\u00e9 enregistr\u00e9 en 24H, a indiqu\u00e9 le minist\u00e8re dans son bulletin quotidien sur la situation de la Covid-19. Ce nouveau bilan porte \u00e0 513.016 le nombre total des contaminations depuis le premier cas signal\u00e9 en mars 2020, alors que le nombre des personnes r\u00e9tablies est pass\u00e9 \u00e0 499.917, soit un taux de gu\u00e9rison de 97,4%, pr\u00e9cise le minist\u00e8re.<\/p>\n<p class=\"rtejustify\">Quant au nombre total des d\u00e9c\u00e8s, il est pass\u00e9 \u00e0 9.049 avec 6 nouveaux cas recens\u00e9s en 24 heures, soit un taux de l\u00e9talit\u00e9 de 1,8%. Ces d\u00e9c\u00e8s ont \u00e9t\u00e9 enregistr\u00e9s dans les r\u00e9gions de Casablanca-Settat (3), Beni Mellal-Kh\u00e9nifra (2) et F\u00e8s-Mekn\u00e8s (1). Les nouvelles contaminations ont \u00e9t\u00e9 enregistr\u00e9es dans les r\u00e9gions de Casablanca-Settat (230), Rabat-Sal\u00e9-K\u00e9nitra (34), Marrakech-Safi (27), Dakhla-Oued Eddahab (13), Souss-Massa (13), La\u00e2youne-Sakia El Hamra (12), Dar\u00e2a-Tafilalet (10), Tanger-T\u00e9touan-Al Hoceima (9), l&rsquo;Oriental (6), F\u00e8s-Mekn\u00e8s (4) et B\u00e9ni Mellal-Kh\u00e9nifra (2).<\/p>\n<p class=\"rtejustify\">Le nombre des cas actifs s&rsquo;\u00e9l\u00e8ve \u00e0 4.050, tandis que les cas s\u00e9v\u00e8res ou critiques sont au nombre de 293, dont 19 plac\u00e9s sous intubation.<\/p>\n<p class=\"rtejustify\">\u00a0<\/p>\n<p>Auteur: mbasraoui<br \/>\n<a href=\"https:\/\/www.leconomiste.com\/flash-infos\/covid-19-plus-de-4-3-millions-de-personnes-completement-vaccinees\">Cliquez ici pour lire l&rsquo;article depuis sa source.<\/a><\/p>\n","protected":false},"excerpt":{"rendered":"<p>Le nombre des personnes ayant re\u00e7u la premi\u00e8re dose du vaccin anti-covid a atteint 5.334.087 \u00e0 ce jour, a annonc\u00e9 jeudi le minist\u00e8re de la Sant\u00e9, relevant que les personnes qui ont \u00e9t\u00e9 compl\u00e8tement vaccin\u00e9es (1\u00e8re et 2\u00e8me doses) sont au nombre de 4.346.867. Par ailleurs, un total de 360 nouveaux cas d&rsquo;infection au coronavirus [&hellip;]<\/p>\n","protected":false},"author":1763,"featured_media":0,"comment_status":"closed","ping_status":"closed","sticky":false,"template":"","format":"standard","meta":{"fifu_image_url":"","fifu_image_alt":"","footnotes":""},"categories":[78,54],"tags":[],"class_list":["post-116276","post","type-post","status-publish","format-standard","hentry","category-economie","category-maroc"],"_links":{"self":[{"href":"https:\/\/linitiative.ca\/International\/wp-json\/wp\/v2\/posts\/116276","targetHints":{"allow":["GET"]}}],"collection":[{"href":"https:\/\/linitiative.ca\/International\/wp-json\/wp\/v2\/posts"}],"about":[{"href":"https:\/\/linitiative.ca\/International\/wp-json\/wp\/v2\/types\/post"}],"author":[{"embeddable":true,"href":"https:\/\/linitiative.ca\/International\/wp-json\/wp\/v2\/users\/1763"}],"replies":[{"embeddable":true,"href":"https:\/\/linitiative.ca\/International\/wp-json\/wp\/v2\/comments?post=116276"}],"version-history":[{"count":0,"href":"https:\/\/linitiative.ca\/International\/wp-json\/wp\/v2\/posts\/116276\/revisions"}],"wp:attachment":[{"href":"https:\/\/linitiative.ca\/International\/wp-json\/wp\/v2\/media?parent=116276"}],"wp:term":[{"taxonomy":"category","embeddable":true,"href":"https:\/\/linitiative.ca\/International\/wp-json\/wp\/v2\/categories?post=116276"},{"taxonomy":"post_tag","embeddable":true,"href":"https:\/\/linitiative.ca\/International\/wp-json\/wp\/v2\/tags?post=116276"}],"curies":[{"name":"wp","href":"https:\/\/api.w.org\/{rel}","templated":true}]}}