{"id":116280,"date":"2021-05-06T15:14:19","date_gmt":"2021-05-06T19:14:19","guid":{"rendered":"https:\/\/linitiative.ca\/International\/international-real-madrid-hazard-colere-monumentale-au-club\/"},"modified":"2021-05-06T15:14:19","modified_gmt":"2021-05-06T19:14:19","slug":"international-real-madrid-hazard-colere-monumentale-au-club","status":"publish","type":"post","link":"https:\/\/linitiative.ca\/International\/international-real-madrid-hazard-colere-monumentale-au-club\/","title":{"rendered":"International : Real Madrid: Hazard, \u00ab\u00a0col\u00e8re monumentale\u00a0\u00bb au club !"},"content":{"rendered":"<div readability=\"32\">\n<p>Auteur : <span class=\"time\">jeudi 06 mai 2021 18:35<\/span><\/p>\n<\/div>\n<div id=\"post_core\" readability=\"41\">\n<p>L&rsquo;ailier du Real Madrid Eden Hazard n&rsquo;a vraiment pas arrang\u00e9 son cas&#8230; D\u00e9cevant sur le plan sportif avec de nombreuses blessures depuis son arriv\u00e9e lors de l&rsquo;\u00e9t\u00e9 2019 pour 115 millions d&rsquo;euros en provenance de Chelsea, l&rsquo;international belge a d\u00e9clench\u00e9 une pol\u00e9mique en rigolant avec Edouard Mendy et Kurt Zouma apr\u00e8s l&rsquo;\u00e9limination de son \u00e9quipe mercredi face aux Blues (1-1, 0-2) en demi-finale de la Ligue des Champions. Tr\u00e8s critiqu\u00e9 en Espagne pour cette attitude, l&rsquo;ancien Lillois a \u00e9galement agac\u00e9 son club ! En effet, d&rsquo;apr\u00e8s les informations du m\u00e9dia ESPN ce jeudi, le comportement d&rsquo;Hazard a provoqu\u00e9 \u00ab\u00a0une col\u00e8re monumentale\u00a0\u00bb au sein de la Maison Blanche. Et sans surprise, des premi\u00e8res rumeurs annoncent d\u00e9j\u00e0 le Diable Rouge sur le d\u00e9part chez les Merengue rapporte Maxifoot.fr.<\/p>\n<p><strong>Publi\u00e9 dans :<\/strong> <span>Hazard<\/span><\/p>\n<\/div>\n<p>Auteur:<br \/>\n<a href=\"http:\/\/www.lebuteur.com\/article\/detail?titre=real-madrid-hazard-colere-monumentale-au-club&#038;id=99973&#038;utm_source=feedburner&#038;utm_medium=feed&#038;utm_campaign=Feed%3A+GalerieFArtciles+%28Les+derniers+articles++-+lebuteur.com%29\">Cliquez ici pour lire l&rsquo;article depuis sa source.<\/a><\/p>\n","protected":false},"excerpt":{"rendered":"<p>Auteur : jeudi 06 mai 2021 18:35 L&rsquo;ailier du Real Madrid Eden Hazard n&rsquo;a vraiment pas arrang\u00e9 son cas&#8230; D\u00e9cevant sur le plan sportif avec de nombreuses blessures depuis son arriv\u00e9e lors de l&rsquo;\u00e9t\u00e9 2019 pour 115 millions d&rsquo;euros en provenance de Chelsea, l&rsquo;international belge a d\u00e9clench\u00e9 une pol\u00e9mique en rigolant avec Edouard Mendy et [&hellip;]<\/p>\n","protected":false},"author":1738,"featured_media":0,"comment_status":"closed","ping_status":"closed","sticky":false,"template":"","format":"standard","meta":{"fifu_image_url":"\/\/cdn.lebuteur.com\/data\/images\/article\/thumbs\/large-real-madrid-hazard-colere-monumentale-au-club-fa4e1.jpg","fifu_image_alt":"International : Real Madrid: Hazard, \"col\u00e8re monumentale\" au club !","footnotes":""},"categories":[53,75],"tags":[],"class_list":["post-116280","post","type-post","status-publish","format-standard","hentry","category-algerie","category-sport"],"_links":{"self":[{"href":"https:\/\/linitiative.ca\/International\/wp-json\/wp\/v2\/posts\/116280","targetHints":{"allow":["GET"]}}],"collection":[{"href":"https:\/\/linitiative.ca\/International\/wp-json\/wp\/v2\/posts"}],"about":[{"href":"https:\/\/linitiative.ca\/International\/wp-json\/wp\/v2\/types\/post"}],"author":[{"embeddable":true,"href":"https:\/\/linitiative.ca\/International\/wp-json\/wp\/v2\/users\/1738"}],"replies":[{"embeddable":true,"href":"https:\/\/linitiative.ca\/International\/wp-json\/wp\/v2\/comments?post=116280"}],"version-history":[{"count":0,"href":"https:\/\/linitiative.ca\/International\/wp-json\/wp\/v2\/posts\/116280\/revisions"}],"wp:attachment":[{"href":"https:\/\/linitiative.ca\/International\/wp-json\/wp\/v2\/media?parent=116280"}],"wp:term":[{"taxonomy":"category","embeddable":true,"href":"https:\/\/linitiative.ca\/International\/wp-json\/wp\/v2\/categories?post=116280"},{"taxonomy":"post_tag","embeddable":true,"href":"https:\/\/linitiative.ca\/International\/wp-json\/wp\/v2\/tags?post=116280"}],"curies":[{"name":"wp","href":"https:\/\/api.w.org\/{rel}","templated":true}]}}