{"id":116282,"date":"2021-05-06T05:41:23","date_gmt":"2021-05-06T09:41:23","guid":{"rendered":"https:\/\/linitiative.ca\/International\/marche-de-solidarite-avec-les-agents-suspendus-a-bejaia\/"},"modified":"2021-05-06T05:41:23","modified_gmt":"2021-05-06T09:41:23","slug":"marche-de-solidarite-avec-les-agents-suspendus-a-bejaia","status":"publish","type":"post","link":"https:\/\/linitiative.ca\/International\/marche-de-solidarite-avec-les-agents-suspendus-a-bejaia\/","title":{"rendered":"Marche de solidarit\u00e9 avec les agents suspendus \u00e0 B\u00e9ja\u00efa"},"content":{"rendered":"<h4 class=\"title-14\"\/>\n<p>R\u00e9agissant aux mesures arbitraires prises par le minist\u00e8re de l\u2019Int\u00e9rieur \u00e0 l\u2019encontre de leurs 230 camarades, suspendus pour avoir r\u00e9clam\u00e9 leurs droits socioprofessionnels, les sapeurs-pompiers de B\u00e9ja\u00efa ont march\u00e9, aujourd\u2019hui, vers le si\u00e8ge de la wilaya.<\/p>\n<p>Les agents de la Protection civile n\u2019\u00e9taient pas trop \u00abbavards\u00bb, mais l\u2019essentiel de leurs revendications ont \u00e9t\u00e9 transcrites sur des pancartes, demandant \u00abL\u2019annulation imm\u00e9diate de la d\u00e9cision de suspension des 230 agents suspendus\u00bb.<\/p>\n<p>D\u00e9termin\u00e9s \u00e0 poursuivre les actions de rue jusqu\u2019\u00e0 la satisfaction de toutes les revendications, les gr\u00e9vistes font savoir \u00e0 travers des \u00e9criteaux que \u00abNi la menace de suspension ni la r\u00e9pression ne les arr\u00eatera\u00bb, attestent-ils. \u00abJe ne suis pas un esclave\u00bb, a \u00e9crit l\u2019un de ces agents, qui demande la revalorisation de son salaire de base de 15 660 \u00e0 24 000 DA, l\u2019annulation de l\u2019imp\u00f4t sur le revenu et l\u2019augmentation de la prime de rendement \u00e0 40%. Comme il l\u2019exprime si bien, \u00ables sapeurs-pompiers sont les premiers \u00e0 intervenir sur le terrain et les derniers \u00e0 \u00eatre r\u00e9compens\u00e9s\u00bb.<\/p>\n<p>Pour toutes ces raisons, les \u00e9l\u00e9ments de la Protection civile exigent \u00e9galement de doter ce corps paramilitaire d\u2019un statut particulier et la r\u00e9vision de leurs \u00e9chelons entre autres revendications salariales.<\/p>\n<p><span class=\"post-views-label\">Post Views:<\/span> <span class=\"post-views-count\">254<\/span><\/p>\n<p><br class=\"c3\"\/><\/p>\n<div class=\"ichhar-moneytagnative c5\" id=\"ichhar-549747423\">\n<p>Advertisements<\/p>\n<\/div>\n<p><br class=\"c3\"\/><br \/>\n<br class=\"c6\"\/><\/p>\n<p>Auteur: Hicham Chouadria<br \/>\n<a href=\"https:\/\/www.elwatan.com\/edition\/actualite\/marche-de-solidarite-avec-les-agents-suspendus-a-bejaia-06-05-2021\">Cliquez ici pour lire l&rsquo;article depuis sa source.<\/a><\/p>\n","protected":false},"excerpt":{"rendered":"<p>R\u00e9agissant aux mesures arbitraires prises par le minist\u00e8re de l\u2019Int\u00e9rieur \u00e0 l\u2019encontre de leurs 230 camarades, suspendus pour avoir r\u00e9clam\u00e9 leurs droits socioprofessionnels, les sapeurs-pompiers de B\u00e9ja\u00efa ont march\u00e9, aujourd\u2019hui, vers le si\u00e8ge de la wilaya. Les agents de la Protection civile n\u2019\u00e9taient pas trop \u00abbavards\u00bb, mais l\u2019essentiel de leurs revendications ont \u00e9t\u00e9 transcrites sur [&hellip;]<\/p>\n","protected":false},"author":1743,"featured_media":0,"comment_status":"closed","ping_status":"closed","sticky":false,"template":"","format":"standard","meta":{"fifu_image_url":"","fifu_image_alt":"","footnotes":""},"categories":[73,53],"tags":[],"class_list":["post-116282","post","type-post","status-publish","format-standard","hentry","category-actualite","category-algerie"],"_links":{"self":[{"href":"https:\/\/linitiative.ca\/International\/wp-json\/wp\/v2\/posts\/116282","targetHints":{"allow":["GET"]}}],"collection":[{"href":"https:\/\/linitiative.ca\/International\/wp-json\/wp\/v2\/posts"}],"about":[{"href":"https:\/\/linitiative.ca\/International\/wp-json\/wp\/v2\/types\/post"}],"author":[{"embeddable":true,"href":"https:\/\/linitiative.ca\/International\/wp-json\/wp\/v2\/users\/1743"}],"replies":[{"embeddable":true,"href":"https:\/\/linitiative.ca\/International\/wp-json\/wp\/v2\/comments?post=116282"}],"version-history":[{"count":0,"href":"https:\/\/linitiative.ca\/International\/wp-json\/wp\/v2\/posts\/116282\/revisions"}],"wp:attachment":[{"href":"https:\/\/linitiative.ca\/International\/wp-json\/wp\/v2\/media?parent=116282"}],"wp:term":[{"taxonomy":"category","embeddable":true,"href":"https:\/\/linitiative.ca\/International\/wp-json\/wp\/v2\/categories?post=116282"},{"taxonomy":"post_tag","embeddable":true,"href":"https:\/\/linitiative.ca\/International\/wp-json\/wp\/v2\/tags?post=116282"}],"curies":[{"name":"wp","href":"https:\/\/api.w.org\/{rel}","templated":true}]}}