{"id":116285,"date":"2021-05-06T05:48:16","date_gmt":"2021-05-06T09:48:16","guid":{"rendered":"https:\/\/linitiative.ca\/International\/elle-qualifie-de-honte-le-rejet-de-la-candidature-de-abou-el-fadhl-baadji-lonm-reclame-la-mise-du-sigle-fln-au-musee\/"},"modified":"2021-05-06T05:48:16","modified_gmt":"2021-05-06T09:48:16","slug":"elle-qualifie-de-honte-le-rejet-de-la-candidature-de-abou-el-fadhl-baadji-lonm-reclame-la-mise-du-sigle-fln-au-musee","status":"publish","type":"post","link":"https:\/\/linitiative.ca\/International\/elle-qualifie-de-honte-le-rejet-de-la-candidature-de-abou-el-fadhl-baadji-lonm-reclame-la-mise-du-sigle-fln-au-musee\/","title":{"rendered":"Elle qualifie de honte le rejet de la candidature de Abou El Fadhl Baadji : L\u2019ONM r\u00e9clame la mise du sigle FLN au mus\u00e9e"},"content":{"rendered":"<h4 class=\"title-14\"\/>\n<div class=\"featured_image\"><img loading=\"lazy\" decoding=\"async\" width=\"800\" height=\"450\" src=\"https:\/\/www.elwatan.com\/wp-content\/uploads\/2021\/05\/ONM-e1620254838621.jpg\" class=\"attachment-post-thumbnail size-post-thumbnail wp-post-image\" alt=\"\"\/> <span class=\"featured-image-caption\">Apr\u00e8s les d\u00e9boires des secr\u00e9taires g\u00e9n\u00e9raux du FLN, le secr\u00e9taire g\u00e9n\u00e9ral de l\u2019ONM, Mohand Ouamar Benelhadj, r\u00e9clame la mise du sigle du plus vieux parti alg\u00e9rien au mus\u00e9e<\/span><\/div>\n<p>Le rejet par l\u2019Autorit\u00e9 nationale ind\u00e9pendante des \u00e9lections (ANIE) de la candidature du secr\u00e9taire g\u00e9n\u00e9ral du FLN, Abou El Fadhl Baadji, pour les \u00e9lections l\u00e9gislatives du 12 juin, continue \u00e0 provoquer des r\u00e9actions.<\/p>\n<p>Cette d\u00e9cision, largement comment\u00e9e sur les r\u00e9seaux sociaux, a suscit\u00e9 la r\u00e9action de l\u2019Organisation nationale des moudjahidine (ONM), qui revient \u00e0 la charge en r\u00e9clamant la mise au mus\u00e9e du sigle \u00abFLN\u00bb. Ce n\u2019est pas la premi\u00e8re fois que Mohand Ouamar Benelhadj, secr\u00e9taire g\u00e9n\u00e9ral de cette puissante organisation, sort de sa r\u00e9serve pour demander la suppression du sigle FLN du nom du parti du Front de lib\u00e9ration nationale (PFLN).<\/p>\n<p>Dans une vid\u00e9o publi\u00e9e sur la cha\u00eene de l\u2019Organisation, Benelhadj n\u2019a pas cach\u00e9 sa col\u00e8re. Il a qualifi\u00e9 de \u00abhonteux\u00bb le rejet de la candidature de Baadji\u00a0des prochaines l\u00e9gislatives et regrette, par la m\u00eame, la situation dans laquelle se trouve aujourd\u2019hui le FLN. \u00abNous sommes arriv\u00e9s au point o\u00f9 un responsable du FLN se pr\u00e9sente aux \u00e9lections et voit son dossier rejet\u00e9. C\u2019est une honte\u00bb, ass\u00e8ne le porte-parole de l\u2019ONM qui regrette l\u2019\u00e9volution du FLN depuis 1962. \u00abCela d\u00e9passe le stade de la d\u00e9cadence, pour ne pas dire autre chose. Pire, la d\u00e9cadence est consomm\u00e9e\u00bb, s\u2019indigne Benelhadj.<\/p>\n<p>Ce dernier convoque l\u2019histoire et rappelle qu\u2019en 1962, le seul crit\u00e8re pour adh\u00e9rer au FLN \u00e9tait la participation \u00e0 la Guerre de Lib\u00e9ration nationale. Mais le parti, selon lui, est arriv\u00e9 jusqu\u2019\u00e0 ne plus m\u00e9riter le sigle FLN. \u00abC\u2019est ce qui nous a pouss\u00e9s il y a une ann\u00e9e \u00e0 demander le retrait du sigle de ce parti, parce que nous avons constat\u00e9 que ceux qui sont dans les si\u00e8ges du FLN sont d\u2019indus occupants. Nous r\u00e9it\u00e9rons notre demande, le sigle doit rester propre\u00bb, dit-il et le rejet du dossier de Baadji est une raison suppl\u00e9mentaire pour insister sur ce retrait. \u00abCe sigle doit \u00eatre rang\u00e9 pour l\u2019histoire, parce qu\u2019il fait partie de l\u2019histoire et de la m\u00e9moire.<\/p>\n<p>Avec le multipartisme, c\u2019est termin\u00e9, le FLN appartient au peuple. Il faut le mettre dans un panth\u00e9on o\u00f9 il sera \u00e0 l\u2019abri des affairistes, des milliardaires et des trabendistes\u00bb, glisse Benelhadj, qui consid\u00e8re les moudjahidine, \u00e0 travers leur organisation, comme les h\u00e9ritiers l\u00e9gitimes de ce sigle.<\/p>\n<p><strong>\u00abLe FLN n\u2019a plus sa raison d\u2019\u00eatre aujourd\u2019hui\u00bb<\/strong><\/p>\n<p>Pour le responsable de l\u2019ONM, le FLN n\u2019a plus sa raison d\u2019\u00eatre aujourd\u2019hui. Cet avis est partag\u00e9 par certains caciques de l\u2019ex-parti unique et par des moudjahidine qui ont demand\u00e9, \u00e0 maintes reprises, aux autorit\u00e9s de retirer le sigle FLN de la sc\u00e8ne politique. Des partis politiques de diff\u00e9rentes ob\u00e9diences ont \u00e9galement r\u00e9clam\u00e9 la pr\u00e9servation du sigle FLN. Ils ont rappel\u00e9, dans ce sens, le contenu de la loi relative aux partis politiques qui \u00abinterdit l\u2019utilisation des anciennes appellations des partis\u00bb et estiment que ce sigle \u00abappartient \u00e0 la nation et \u00e0 la m\u00e9moire collective. Il est cit\u00e9 dans le pr\u00e9ambule de la Constitution et dans l\u2019hymne national. Sa place est au mus\u00e9e\u00bb.<\/p>\n<p>En 2020, le doyen du FLN et figure embl\u00e9matique du mouvement de redressement au sein de l\u2019ex-parti unique, Abdelkrim Abada, a plaid\u00e9 carr\u00e9ment pour \u00abla dissolution du FLN pour le sauver de la nouvelle direction\u00bb.<\/p>\n<p>Rappelons que le rejet de la candidature de Baadji est motiv\u00e9 par le fait qu\u2019il n\u2019a pas pr\u00e9sent\u00e9 de document justifiant sa position vis-\u00e0-vis du service national. Officiellement et selon des sources internes du parti, Baadji n\u2019a pas effectu\u00e9 son service militaire.<\/p>\n<p>D\u2019aucuns s\u2019interrogent quant \u00e0 la r\u00e9action des autorit\u00e9s, vont-elles r\u00e9pondre favorablement aux appels des uns et des autres et mettre le FLN au mus\u00e9e\u00a0? Jusque-l\u00e0, il n\u2019y a eu aucune r\u00e9action\u2026<\/p>\n<p><span class=\"post-views-label\">Post Views:<\/span> <span class=\"post-views-count\">3\u00a0293<\/span><\/p>\n<p><br class=\"c3\"\/><\/p>\n<div class=\"ichhar-moneytagnative c5\" id=\"ichhar-1065518338\">\n<p>Advertisements<\/p>\n<\/div>\n<p><br class=\"c3\"\/><br \/>\n<br class=\"c6\"\/><\/p>\n<p>Auteur: Hicham Chouadria<br \/>\n<a href=\"https:\/\/www.elwatan.com\/edition\/actualite\/elle-qualifie-de-honte-le-rejet-de-la-candidature-de-abou-el-fadhl-baadji-lonm-reclame-la-mise-du-sigle-fln-au-musee-06-05-2021\">Cliquez ici pour lire l&rsquo;article depuis sa source.<\/a><\/p>\n","protected":false},"excerpt":{"rendered":"<p>Apr\u00e8s les d\u00e9boires des secr\u00e9taires g\u00e9n\u00e9raux du FLN, le secr\u00e9taire g\u00e9n\u00e9ral de l\u2019ONM, Mohand Ouamar Benelhadj, r\u00e9clame la mise du sigle du plus vieux parti alg\u00e9rien au mus\u00e9e Le rejet par l\u2019Autorit\u00e9 nationale ind\u00e9pendante des \u00e9lections (ANIE) de la candidature du secr\u00e9taire g\u00e9n\u00e9ral du FLN, Abou El Fadhl Baadji, pour les \u00e9lections l\u00e9gislatives du 12 [&hellip;]<\/p>\n","protected":false},"author":1743,"featured_media":0,"comment_status":"closed","ping_status":"closed","sticky":false,"template":"","format":"standard","meta":{"fifu_image_url":"https:\/\/www.elwatan.com\/wp-content\/uploads\/2021\/05\/ONM-e1620254838621.jpg","fifu_image_alt":"Elle qualifie de honte le rejet de la candidature de Abou El Fadhl Baadji : L\u2019ONM r\u00e9clame la mise du sigle FLN au mus\u00e9e","footnotes":""},"categories":[73,53],"tags":[],"class_list":["post-116285","post","type-post","status-publish","format-standard","hentry","category-actualite","category-algerie"],"_links":{"self":[{"href":"https:\/\/linitiative.ca\/International\/wp-json\/wp\/v2\/posts\/116285","targetHints":{"allow":["GET"]}}],"collection":[{"href":"https:\/\/linitiative.ca\/International\/wp-json\/wp\/v2\/posts"}],"about":[{"href":"https:\/\/linitiative.ca\/International\/wp-json\/wp\/v2\/types\/post"}],"author":[{"embeddable":true,"href":"https:\/\/linitiative.ca\/International\/wp-json\/wp\/v2\/users\/1743"}],"replies":[{"embeddable":true,"href":"https:\/\/linitiative.ca\/International\/wp-json\/wp\/v2\/comments?post=116285"}],"version-history":[{"count":0,"href":"https:\/\/linitiative.ca\/International\/wp-json\/wp\/v2\/posts\/116285\/revisions"}],"wp:attachment":[{"href":"https:\/\/linitiative.ca\/International\/wp-json\/wp\/v2\/media?parent=116285"}],"wp:term":[{"taxonomy":"category","embeddable":true,"href":"https:\/\/linitiative.ca\/International\/wp-json\/wp\/v2\/categories?post=116285"},{"taxonomy":"post_tag","embeddable":true,"href":"https:\/\/linitiative.ca\/International\/wp-json\/wp\/v2\/tags?post=116285"}],"curies":[{"name":"wp","href":"https:\/\/api.w.org\/{rel}","templated":true}]}}