{"id":116286,"date":"2021-05-06T05:50:16","date_gmt":"2021-05-06T09:50:16","guid":{"rendered":"https:\/\/linitiative.ca\/International\/des-depouilles-rapatriees-en-labsence-de-leur-famille-partir-dans-la-solitude\/"},"modified":"2021-05-06T05:50:16","modified_gmt":"2021-05-06T09:50:16","slug":"des-depouilles-rapatriees-en-labsence-de-leur-famille-partir-dans-la-solitude","status":"publish","type":"post","link":"https:\/\/linitiative.ca\/International\/des-depouilles-rapatriees-en-labsence-de-leur-famille-partir-dans-la-solitude\/","title":{"rendered":"Des d\u00e9pouilles rapatri\u00e9es en l\u2019absence de leur famille : Partir dans la solitude"},"content":{"rendered":"<h4 class=\"title-14\"\/>\n<div class=\"featured_image\"><img loading=\"lazy\" decoding=\"async\" width=\"1423\" height=\"814\" src=\"https:\/\/www.elwatan.com\/wp-content\/uploads\/2021\/05\/gettyimages-1211611314-2048x2048-e1620255281583.jpg\" class=\"attachment-post-thumbnail size-post-thumbnail wp-post-image\" alt=\"\" srcset=\"https:\/\/www.elwatan.com\/wp-content\/uploads\/2021\/05\/gettyimages-1211611314-2048x2048-e1620255281583.jpg 1423w, https:\/\/www.elwatan.com\/wp-content\/uploads\/2021\/05\/gettyimages-1211611314-2048x2048-e1620255281583-300x172.jpg 300w, https:\/\/www.elwatan.com\/wp-content\/uploads\/2021\/05\/gettyimages-1211611314-2048x2048-e1620255281583-768x439.jpg 768w, https:\/\/www.elwatan.com\/wp-content\/uploads\/2021\/05\/gettyimages-1211611314-2048x2048-e1620255281583-1024x586.jpg 1024w, https:\/\/www.elwatan.com\/wp-content\/uploads\/2021\/05\/gettyimages-1211611314-2048x2048-e1620255281583-1320x755.jpg 1320w\" sizes=\"auto, (max-width: 1423px) 100vw, 1423px\"\/> <span class=\"featured-image-caption\">Des corps rapatri\u00e9s et enterr\u00e9s en l\u2019absence de leurs proches<\/span><\/div>\n<p>Si sur le plan sanitaire, la fermeture des fronti\u00e8res a permis de limiter l\u2019impact de la pand\u00e9mie Covid-19, sur le plan humain, elle a caus\u00e9 des drames et provoqu\u00e9 des situations douloureuses au sein de la communaut\u00e9 alg\u00e9rienne vivant \u00e0 l\u2019\u00e9tranger.<\/p>\n<p>En moins d\u2019une ann\u00e9e, affirme-t-on \u00e0 Air Alg\u00e9rie, la compagnie a rapatri\u00e9 \u00e0 travers ses vols cargo plus de 9000 d\u00e9pouilles d\u2019Alg\u00e9riens, d\u00e9c\u00e9d\u00e9s majoritairement des suites de leur contamination par la Covid-19 en France, o\u00f9 r\u00e9side une forte communaut\u00e9 alg\u00e9rienne.<\/p>\n<p>Depuis quelques mois, le nombre de cercueils arrivant \u00e0 l\u2019a\u00e9roport d\u2019Alger, le seul vers o\u00f9 convergent tous les vols cargo, a connu une hausse consid\u00e9rable, apr\u00e8s une accalmie relative. Une moyenne de 19 \u00e0 20 cercueils est d\u00e9barqu\u00e9e, quotidiennement, sur le tarmac de l\u2019a\u00e9roport d\u2019Alger.<\/p>\n<p>Il y a quelques jours, les trois vols cargo en provenance de Lyon, Marseille et Paris, ayant atterri au m\u00eame moment, ont d\u00e9charg\u00e9 125 d\u00e9pouilles, sans aucun accompagnateur.<\/p>\n<p>Souvent, les d\u00e9funts ont toute leur famille en France. Ils expriment leur v\u0153u d\u2019\u00eatre enterr\u00e9s chez eux, au bled, apr\u00e8s leur mort, mais ils n\u2019ont plus personne en Alg\u00e9rie. S\u2019ils n\u2019ont pas de connaissances dans le pays, la proc\u00e9dure d\u2019inhumation est confi\u00e9e \u00e0 une soci\u00e9t\u00e9 de pompes fun\u00e8bres, comme celle de Hadj Ali Allali. Il nous parle de ces d\u2019histoires poignantes et dramatiques, auxquelles il est confront\u00e9 quotidiennement, particuli\u00e8rement durant la crise sanitaire. \u00abDepuis que les vols sont concentr\u00e9s uniquement sur la capitale, pour des raisons sanitaires, nous recevons tous les cercueils \u00e0 Alger. Nous assurons le transport frigorifique jusqu\u2019au lieu de l\u2019enterrement avec toute la proc\u00e9dure n\u00e9cessaire. Il y a eu une petite p\u00e9riode o\u00f9 les d\u00e9pouilles \u00e9taient accompagn\u00e9es.<\/p>\n<p>Ce n\u2019est plus le cas depuis des mois. Lorsqu\u2019il y a des membres de la famille \u00e0 Alger, nous prenons attache avec eux, \u00e0 travers le num\u00e9ro de t\u00e9l\u00e9phone joint aux documents par la soci\u00e9t\u00e9 de pompes fun\u00e8bres de France, avec laquelle nous travaillons. Mais, souvent les d\u00e9funts n\u2019ont plus personne en Alg\u00e9rie. Nous prenons en charge l\u2019inhumation.<\/p>\n<p>C\u2019est tr\u00e8s dur de se retrouver, mes employ\u00e9s et moi, \u00e0 assurer la pri\u00e8re du mort et la mise sous terre du cercueil. C\u2019est la pire des choses qui puisse arriver \u00e0 des Alg\u00e9riens qui perdent leurs proches, surtout lorsqu\u2019il s\u2019agit des parents\u00bb, raconte M. Allali.<\/p>\n<p>Il se dit \u00abtr\u00e8s pein\u00e9\u00bb et \u00abmarqu\u00e9\u00bb par ces situations dont-il garde des \u00absouvenirs douloureux\u00bb. \u00abJe ne peux oublier cette dame qui a perdu sa m\u00e8re en France. Pendant trois jours, elle m\u2019appelait matin et soir pour me parler de sa d\u00e9funte m\u00e8re, en pleurant \u00e0 chaudes larmes. Je ne savais pas quoi lui dire. Sa m\u00e8re a \u00e9mis le v\u0153u d\u2019\u00eatre enterr\u00e9e dans son village natal, \u00e0 Souk Ahras, et elle souffrait terriblement \u00e0 l\u2019id\u00e9e de ne pas assister aux fun\u00e9railles.<\/p>\n<p>Elle m\u2019a fait promettre de lui faire vivre l\u2019enterrement de sa m\u00e8re en filmant, en direct, les moments de l\u2019arriv\u00e9e du cercueil, de sa travers\u00e9e par route jusqu\u2019\u00e0 son arriv\u00e9e au cimeti\u00e8re et sa mise sous terre. C\u2019\u00e9tait tragique et poignant. Toute la journ\u00e9e, elle \u00e9tait coll\u00e9e au t\u00e9l\u00e9phone et pleurait sans cesse. A un moment, j\u2019avais l\u2019impression qu\u2019elle n\u2019avait plus de larmes \u00e0 force de pleurer. Elle culpabilisait du fait qu\u2019elle n\u2019avait pas accompagn\u00e9 sa m\u00e8re et que celle-ci soit partie seule. Cela m\u2019a tellement touch\u00e9. C\u2019\u00e9tait trop dur pour moi\u00bb, t\u00e9moigne M. Allali.<\/p>\n<p><strong>\u00abElle culpabilisait du fait qu\u2019elle n\u2019a pas accompagn\u00e9 sa m\u00e8re\u00bb<\/strong><\/p>\n<p>Des images pareilles, nous dit-il, se multiplient de jour en jour. \u00abMon partenaire en France, qui exerce depuis pr\u00e8s de 20 ans, a perdu sa m\u00e8re \u00e0 cause de la Covid et n\u2019a pu l\u2019accompagner pour l\u2019enterrer en Alg\u00e9rie. Elle lui avait demand\u00e9 de l\u2019inhumer au pays, et lui ne pouvait refuser d\u2019exaucer son v\u0153u. Il a suivi son inhumation en direct sur son t\u00e9l\u00e9phone mobile. Cela m\u2019a vraiment affect\u00e9.\u00bb<\/p>\n<p>Pour notre interlocuteur, la majorit\u00e9 des Alg\u00e9riens vivant en France veulent \u00eatre enterr\u00e9s dans leur pays et expriment leur volont\u00e9 \u00e0 leurs proches de leur vivant. \u00abLorsqu\u2019il y a eu la fermeture des fronti\u00e8res au d\u00e9but de la crise sanitaire, les cercueils des personnes d\u00e9c\u00e9d\u00e9es de la Covid n\u2019\u00e9taient pas autoris\u00e9s \u00e0 \u00eatre rapatri\u00e9s. Les familles \u00e9taient oblig\u00e9es d\u2019enterrer leurs morts dans des concessions en France. D\u2019abord, parce qu\u2019elles ne pouvaient pas les laisser dans les cases froides de la morgue, et surtout les incin\u00e9rer, comme le pr\u00e9voit la r\u00e9glementation.<\/p>\n<p>D\u00e8s que leur rapatriement a \u00e9t\u00e9 autoris\u00e9, bon nombre d\u2019entre elles ont exhum\u00e9 les cercueils et les ont envoy\u00e9s en Alg\u00e9rie pour y \u00eatre r\u00e9inhum\u00e9s. J\u2019ai eu \u00e0 prendre en charge plusieurs d\u2019entre eux. Je vous jure que ce n\u2019est pas du tout facile de faire face \u00e0 cette situation douloureuse \u00e0 laquelle ils sont confront\u00e9s. Ils enterrent deux fois les \u00eatres les plus chers et ils n\u2019arrivent toujours pas \u00e0 faire leur deuil. Ils vivent dans l\u2019attente de l\u2019ouverture des fronti\u00e8res pour pouvoir, enfin, exorciser le mal qu\u2019ils ressentent au fond d\u2019eux. C\u2019est tr\u00e8s p\u00e9nible\u00bb, affirme notre interlocuteur. Il nous raconte aussi \u00abla grande peine\u00bb qu\u2019il a ressentie en voyant un \u00e9migr\u00e9, terrass\u00e9 plus par le fait qu\u2019il ne pouvait accompagner son p\u00e8re pour l\u2019enterrer au pays que par la contamination de ce dernier par la Covid-19.<\/p>\n<p>\u00abIl \u00e9tait comme fou \u00e0 l\u2019id\u00e9e de ne pas assister aux fun\u00e9railles. Il voulait qu\u2019il b\u00e9n\u00e9ficie de la pri\u00e8re mortuaire et qu\u2019il soit enterr\u00e9 dans son village natal.<\/p>\n<p>Il passait des heures avec moi au t\u00e9l\u00e9phone \u00e0 d\u00e9cider des plus petits d\u00e9tails. J\u2019\u00e9tais paralys\u00e9 devant son chagrin et ses souffrances. Je restais muet. Je ne savais plus quoi lui dire. J\u2019ai respect\u00e9 ses v\u0153ux. Je filmais toutes les proc\u00e9dures : la r\u00e9ception du cercueil, son transfert jusqu\u2019au cimeti\u00e8re, la pri\u00e8re mortuaire et sa mise sous terre et je lui transmettais toutes les phases.<\/p>\n<p>C\u2019est terrible de vivre une telle situation\u00bb, pr\u00e9cise Allali. Poignant, son t\u00e9moignage l\u00e8ve le voile sur un v\u00e9ritable drame humain que vit tout un pan de notre communaut\u00e9 \u00e0 l\u2019\u00e9tranger, coup\u00e9e de sa patrie depuis plus d\u2019une ann\u00e9e en raison de la crise sanitaire.<\/p>\n<p>Malheureusement, avec la prolif\u00e9ration des nouveaux variants et une vaccination au compte-gouttes, la r\u00e9ouverture des fronti\u00e8res ne se fera pas de sit\u00f4t, prolongeant ainsi les souffrances<\/p>\n<p><span class=\"post-views-label\">Post Views:<\/span> <span class=\"post-views-count\">5\u00a0145<\/span><\/p>\n<p><br class=\"c3\"\/><\/p>\n<div class=\"ichhar-moneytagnative c5\" id=\"ichhar-803786043\">\n<p>Advertisements<\/p>\n<\/div>\n<p><br class=\"c3\"\/><br \/>\n<br class=\"c6\"\/><\/p>\n<p>Auteur: Hicham Chouadria<br \/>\n<a href=\"https:\/\/www.elwatan.com\/a-la-une\/des-depouilles-rapatriees-en-labsence-de-leur-famille-partir-dans-la-solitude-06-05-2021\">Cliquez ici pour lire l&rsquo;article depuis sa source.<\/a><\/p>\n","protected":false},"excerpt":{"rendered":"<p>Des corps rapatri\u00e9s et enterr\u00e9s en l\u2019absence de leurs proches Si sur le plan sanitaire, la fermeture des fronti\u00e8res a permis de limiter l\u2019impact de la pand\u00e9mie Covid-19, sur le plan humain, elle a caus\u00e9 des drames et provoqu\u00e9 des situations douloureuses au sein de la communaut\u00e9 alg\u00e9rienne vivant \u00e0 l\u2019\u00e9tranger. En moins d\u2019une ann\u00e9e, [&hellip;]<\/p>\n","protected":false},"author":1743,"featured_media":0,"comment_status":"closed","ping_status":"closed","sticky":false,"template":"","format":"standard","meta":{"fifu_image_url":"https:\/\/www.elwatan.com\/wp-content\/uploads\/2021\/05\/gettyimages-1211611314-2048x2048-e1620255281583.jpg","fifu_image_alt":"Des d\u00e9pouilles rapatri\u00e9es en l\u2019absence de leur famille : Partir dans la solitude","footnotes":""},"categories":[73,53],"tags":[],"class_list":["post-116286","post","type-post","status-publish","format-standard","hentry","category-actualite","category-algerie"],"_links":{"self":[{"href":"https:\/\/linitiative.ca\/International\/wp-json\/wp\/v2\/posts\/116286","targetHints":{"allow":["GET"]}}],"collection":[{"href":"https:\/\/linitiative.ca\/International\/wp-json\/wp\/v2\/posts"}],"about":[{"href":"https:\/\/linitiative.ca\/International\/wp-json\/wp\/v2\/types\/post"}],"author":[{"embeddable":true,"href":"https:\/\/linitiative.ca\/International\/wp-json\/wp\/v2\/users\/1743"}],"replies":[{"embeddable":true,"href":"https:\/\/linitiative.ca\/International\/wp-json\/wp\/v2\/comments?post=116286"}],"version-history":[{"count":0,"href":"https:\/\/linitiative.ca\/International\/wp-json\/wp\/v2\/posts\/116286\/revisions"}],"wp:attachment":[{"href":"https:\/\/linitiative.ca\/International\/wp-json\/wp\/v2\/media?parent=116286"}],"wp:term":[{"taxonomy":"category","embeddable":true,"href":"https:\/\/linitiative.ca\/International\/wp-json\/wp\/v2\/categories?post=116286"},{"taxonomy":"post_tag","embeddable":true,"href":"https:\/\/linitiative.ca\/International\/wp-json\/wp\/v2\/tags?post=116286"}],"curies":[{"name":"wp","href":"https:\/\/api.w.org\/{rel}","templated":true}]}}