{"id":116287,"date":"2021-05-06T08:00:00","date_gmt":"2021-05-06T12:00:00","guid":{"rendered":"https:\/\/linitiative.ca\/International\/leaders-120-numeros-et-10-ans-sans-discontinuer\/"},"modified":"2021-05-06T08:00:00","modified_gmt":"2021-05-06T12:00:00","slug":"leaders-120-numeros-et-10-ans-sans-discontinuer","status":"publish","type":"post","link":"https:\/\/linitiative.ca\/International\/leaders-120-numeros-et-10-ans-sans-discontinuer\/","title":{"rendered":"Leaders : 120 num\u00e9ros et 10 ans sans discontinuer"},"content":{"rendered":"<p>Pers\u00e9v\u00e9rer rel\u00e8ve d\u2019un acte de r\u00e9sistance. Le pr\u00e9sent num\u00e9ro de <span class=\"c2\"><strong>Leaders<\/strong><\/span> Magazine est le 120e publi\u00e9 sans discontinuer depuis dix ans, \u00e0 partir du mois de juin 2011. Para\u00eetre est \u00e0 chaque nouvelle \u00e9dition, une \u00e9preuve, une aventure.<\/p>\n<p>Une \u00e9preuve pour concevoir un contenu r\u00e9dactionnel devant \u00eatre riche et vari\u00e9, con\u00e7u en toute libert\u00e9 et toute ind\u00e9pendance, appel\u00e9 \u00e0 r\u00e9pondre aux attentes des lecteurs.<\/p>\n<p>Une aventure financi\u00e8re, rien n\u2019\u00e9tant garanti, ni en publicit\u00e9, ni en ventes et abonnements. Et pourtant, il fallait continuer, ne pas s\u2019arr\u00eater, ne pas c\u00e9der \u00e0 la tentation du renoncement. Le sens d\u2019une mission, l\u2019esprit d\u2019un combat, une raison de vie&#8230;<\/p>\n<p>M\u00eame sous confinement, l\u2019ann\u00e9e derni\u00e8re, et alors que notre imprimeur, Simpact, devait s\u2019y contraindre, et que les kiosques \u00e0 journaux \u00e9taient ferm\u00e9s, nous avons publi\u00e9 deux num\u00e9ros, en avril et mai, en format num\u00e9rique, diffus\u00e9s gratuitement. Nous avons, en effet, estim\u00e9 que c\u2019est en temps de crise que nous devons nous exprimer. Notre couverture en ligne de la pand\u00e9mie du Covid et de ses suites \u00e9conomiques et sociales a \u00e9t\u00e9 significative. D\u00e8s la reprise, nous n\u2019avons pas manqu\u00e9 de les imprimer. C\u2019est vous dire notre d\u00e9termination \u00e0 respecter ce rendez-vous mensuel sacr\u00e9 avec nos lecteurs.<\/p>\n<p>Ce qui anime notre volont\u00e9 collective, c\u2019est d\u2019abord le lien fort qui soude toute l\u2019\u00e9quipe : r\u00e9dactionnelle, graphique, marketing et distribution. Des plumes de grande qualit\u00e9 ont rapidement renforc\u00e9 nos rangs et un produit attractif devait \u00eatre livr\u00e9 chaque mois.<\/p>\n<p>C\u2019est aussi notre attachement \u00e0 des valeurs partag\u00e9es de libert\u00e9 d\u2019expression, \u00e9clairer l\u2019opinion publique et d\u00e9fendre de nobles causes. Notre ind\u00e9pendance a-t-elle \u00e9t\u00e9 mise en doute ? N\u00e9cessairement, au d\u00e9but, quand chacun cherchait \u00e0 mettre <span class=\"c2\"><strong>Leaders<\/strong><\/span> sous sa coupe. Ni partis politiques, ni groupes d\u2019influence, ni annonceurs ne pourraient y parvenir. A l\u2019\u00e9preuve du temps, ils ont d\u00fb reconna\u00eetre qu\u2019ils faisaient fausse route.<\/p>\n<p>A chaque article r\u00e9dig\u00e9, c\u2019est le regard du lecteur qui guide nos journalistes et auteurs. Comment sera-t-il per\u00e7u ? Interpr\u00e9t\u00e9 ? Appr\u00e9ci\u00e9 ? Vos commentaires nous ont \u00e9t\u00e9 pr\u00e9cieux. Votre fid\u00e9lit\u00e9, cette attente f\u00e9brile de la parution de chaque num\u00e9ro et vos encouragements ne nous laissent d\u2019autre choix que de pers\u00e9v\u00e9rer. Malgr\u00e9 tout&#8230;Notre credo ? Continuer, mais renforcer, am\u00e9liorer, enrichir, innover. <span class=\"c2\"><strong>Leaders<\/strong><\/span> n\u2019aura de cesse de vous surprendre agr\u00e9ablement et de m\u00e9riter votre confiance.<\/p>\n<p class=\"c3\"><strong>Taoufik Habaieb &amp; H\u00e9di B\u00e9hi<\/strong><\/p>\n<p class=\"c4\"><strong><a href=\"https:\/\/www.leaders.com.tn\/le_mensuel_abonnez_vous\"><img loading=\"lazy\" decoding=\"async\" src=\"\/uploads\/FCK_files\/Bon-de-commande(2).jpg\" alt=\"\" width=\"500\" vspace=\"5\" hspace=\"5\" height=\"128\" align=\"middle\"\/><\/a><\/strong><\/p>\n<p class=\"c3\">\u00a0<\/p>\n<p>Auteur:<br \/>\n<a href=\"https:\/\/www.leaders.com.tn\/article\/31837-leaders-120-numeros-et-10-ans\">Cliquez ici pour lire l&rsquo;article depuis sa source.<\/a><\/p>\n","protected":false},"excerpt":{"rendered":"<p>Pers\u00e9v\u00e9rer rel\u00e8ve d\u2019un acte de r\u00e9sistance. Le pr\u00e9sent num\u00e9ro de Leaders Magazine est le 120e publi\u00e9 sans discontinuer depuis dix ans, \u00e0 partir du mois de juin 2011. Para\u00eetre est \u00e0 chaque nouvelle \u00e9dition, une \u00e9preuve, une aventure. Une \u00e9preuve pour concevoir un contenu r\u00e9dactionnel devant \u00eatre riche et vari\u00e9, con\u00e7u en toute libert\u00e9 et [&hellip;]<\/p>\n","protected":false},"author":1772,"featured_media":0,"comment_status":"closed","ping_status":"closed","sticky":false,"template":"","format":"standard","meta":{"fifu_image_url":"\/uploads\/FCK_files\/Bon-de-commande(2).jpg","fifu_image_alt":"Leaders : 120 num\u00e9ros et 10 ans sans discontinuer","footnotes":""},"categories":[73,55],"tags":[],"class_list":["post-116287","post","type-post","status-publish","format-standard","hentry","category-actualite","category-tunisie"],"_links":{"self":[{"href":"https:\/\/linitiative.ca\/International\/wp-json\/wp\/v2\/posts\/116287","targetHints":{"allow":["GET"]}}],"collection":[{"href":"https:\/\/linitiative.ca\/International\/wp-json\/wp\/v2\/posts"}],"about":[{"href":"https:\/\/linitiative.ca\/International\/wp-json\/wp\/v2\/types\/post"}],"author":[{"embeddable":true,"href":"https:\/\/linitiative.ca\/International\/wp-json\/wp\/v2\/users\/1772"}],"replies":[{"embeddable":true,"href":"https:\/\/linitiative.ca\/International\/wp-json\/wp\/v2\/comments?post=116287"}],"version-history":[{"count":0,"href":"https:\/\/linitiative.ca\/International\/wp-json\/wp\/v2\/posts\/116287\/revisions"}],"wp:attachment":[{"href":"https:\/\/linitiative.ca\/International\/wp-json\/wp\/v2\/media?parent=116287"}],"wp:term":[{"taxonomy":"category","embeddable":true,"href":"https:\/\/linitiative.ca\/International\/wp-json\/wp\/v2\/categories?post=116287"},{"taxonomy":"post_tag","embeddable":true,"href":"https:\/\/linitiative.ca\/International\/wp-json\/wp\/v2\/tags?post=116287"}],"curies":[{"name":"wp","href":"https:\/\/api.w.org\/{rel}","templated":true}]}}