{"id":116288,"date":"2021-05-06T08:15:00","date_gmt":"2021-05-06T12:15:00","guid":{"rendered":"https:\/\/linitiative.ca\/International\/amen-bank-developpe-son-offre-de-financement-en-partenariat-avec-tunisie-leasing-factoring\/"},"modified":"2021-05-06T08:15:00","modified_gmt":"2021-05-06T12:15:00","slug":"amen-bank-developpe-son-offre-de-financement-en-partenariat-avec-tunisie-leasing-factoring","status":"publish","type":"post","link":"https:\/\/linitiative.ca\/International\/amen-bank-developpe-son-offre-de-financement-en-partenariat-avec-tunisie-leasing-factoring\/","title":{"rendered":"Amen Bank d\u00e9veloppe son offre de financement, en partenariat avec Tunisie Leasing &amp; Factoring"},"content":{"rendered":"<p>Afin de poursuivre sa strat\u00e9gie d\u2019enrichissement de ses produits destin\u00e9s \u00e0 ses clients Entreprises et Professionnels, Amen Bank a d\u00e9velopp\u00e9 son offre de financement, en partenariat avec Tunisie Leasing &amp; Factoring, afin de proposer aux entreprises et aux professionnels, \u00abAmen Leasing Pro\u00bb, des solutions de financement en Leasing, simples, avantageuses et rapides.<\/p>\n<p>En effet, gr\u00e2ce \u00e0 un financement en Leasing, \u00abAmen Leasing Pro\u00bb, les clients Entreprises et Professionnels peuvent faire l\u2019acquisition d\u2019un large choix de v\u00e9hicules selon leurs besoins (voitures de tourisme, camions, v\u00e9hicules utilitaires&#8230;) ou bien \u00e9quiper leur usine, avec de nouvelles machines.<\/p>\n<p>Il est \u00e0 pr\u00e9ciser que les formules de financement \u00abAmen Leasing Pro\u00bb permettent aux clients de r\u00e9aliser leurs projets rapidement et simplement, puisque l\u2019accord de principe pour l\u2019acquisition de v\u00e9hicules et d\u2019\u00e9quipements, leur sera transmis en simplement 48 heures.<\/p>\n<p>De plus, avec les formules de financement \u00abAmen Leasing Pro\u00bb, les clients b\u00e9n\u00e9ficient d\u2019avantages sp\u00e9cifiques :<\/p>\n<p><span class=\"c2\"><strong>Financement en Leasing tous types de v\u00e9hicules<\/strong><\/span><\/p>\n<p>Le Financement en Leasing Auto, offre une bonne couverture contre les risques, gr\u00e2ce \u00e0 sa formule Assurance+, qui permet de payer la prime d\u2019assurance mensuellement, avec les loyers et sans aucune majoration d\u2019int\u00e9r\u00eats.<\/p>\n<p><span class=\"c4\"><strong><span class=\"c3\">Financement en Leasing Equipements<\/span><\/strong><\/span><\/p>\n<p>Le Financement en Leasing Equipements, permet de financer jusqu&rsquo;\u00e0 100% du prix de l&rsquo;achat de la machine industrielle, la machine-outil, l\u2019\u00e9quipement informatique ou bureautique, qu\u2019il soit achet\u00e9 localement ou m\u00eame import\u00e9.<\/p>\n<p>En r\u00e9sum\u00e9, \u00abAmen Leasing Pro\u00bb c\u2019est:<\/p>\n<p class=\"c6\"><span class=\"c5\"><strong>\u2022<\/strong><\/span> La simplicit\u00e9 de la mise en place du financement,<\/p>\n<p class=\"c6\"><span class=\"c5\"><strong>\u2022<\/strong><\/span> La souplesse et la rapidit\u00e9 du traitement des demandes de financement,<\/p>\n<p class=\"c6\"><span class=\"c5\"><strong>\u2022<\/strong><\/span> Une solution de financement sur mesure,<\/p>\n<p class=\"c6\"><span class=\"c5\"><strong>\u2022<\/strong><\/span> Un conseil personnalis\u00e9 et un traitement privil\u00e9gi\u00e9.<\/p>\n<p>A travers sa d\u00e9marche, Amen Bank souhaite avant tout, fid\u00e9liser sa client\u00e8le Entreprises et Professionnels, tout en renfor\u00e7ant davantage sa politique commerciale d\u2019une mani\u00e8re diff\u00e9renci\u00e9e et dynamique.<\/p>\n<p>Pour plus d\u2019informations, les charg\u00e9s d\u2019affaires et les charg\u00e9s de client\u00e8le au sein des Centres d\u2019Affaires et des agences d\u2019Amen Bank, sont \u00e0 l\u2019enti\u00e8re disposition de sa client\u00e8le int\u00e9ress\u00e9e, pour lui communiquer, tous les conseils et les informations compl\u00e9mentaires sur \u00abAmen Leasing Pro\u00bb.<\/p>\n<p>Veuillez cliquer <a href=\"https:\/\/www.amenbank.com.tn\/fr\/professionnels\/epargne-et-credits-10-316-amen-leasing-pro.html\" target=\"_blank\" rel=\"noopener\">ici<\/a>, pour plus de pr\u00e9cisions.<br \/>\u00a0<\/p>\n<p>Auteur:<br \/>\n<a href=\"https:\/\/www.leaders.com.tn\/article\/31838-amen-bank-developpe-son-offre-de-financement-en-partenariat-avec-tunisie-leasing-factoring\">Cliquez ici pour lire l&rsquo;article depuis sa source.<\/a><\/p>\n","protected":false},"excerpt":{"rendered":"<p>Afin de poursuivre sa strat\u00e9gie d\u2019enrichissement de ses produits destin\u00e9s \u00e0 ses clients Entreprises et Professionnels, Amen Bank a d\u00e9velopp\u00e9 son offre de financement, en partenariat avec Tunisie Leasing &amp; Factoring, afin de proposer aux entreprises et aux professionnels, \u00abAmen Leasing Pro\u00bb, des solutions de financement en Leasing, simples, avantageuses et rapides. En effet, gr\u00e2ce [&hellip;]<\/p>\n","protected":false},"author":1772,"featured_media":0,"comment_status":"closed","ping_status":"closed","sticky":false,"template":"","format":"standard","meta":{"fifu_image_url":"","fifu_image_alt":"","footnotes":""},"categories":[73,55],"tags":[],"class_list":["post-116288","post","type-post","status-publish","format-standard","hentry","category-actualite","category-tunisie"],"_links":{"self":[{"href":"https:\/\/linitiative.ca\/International\/wp-json\/wp\/v2\/posts\/116288","targetHints":{"allow":["GET"]}}],"collection":[{"href":"https:\/\/linitiative.ca\/International\/wp-json\/wp\/v2\/posts"}],"about":[{"href":"https:\/\/linitiative.ca\/International\/wp-json\/wp\/v2\/types\/post"}],"author":[{"embeddable":true,"href":"https:\/\/linitiative.ca\/International\/wp-json\/wp\/v2\/users\/1772"}],"replies":[{"embeddable":true,"href":"https:\/\/linitiative.ca\/International\/wp-json\/wp\/v2\/comments?post=116288"}],"version-history":[{"count":0,"href":"https:\/\/linitiative.ca\/International\/wp-json\/wp\/v2\/posts\/116288\/revisions"}],"wp:attachment":[{"href":"https:\/\/linitiative.ca\/International\/wp-json\/wp\/v2\/media?parent=116288"}],"wp:term":[{"taxonomy":"category","embeddable":true,"href":"https:\/\/linitiative.ca\/International\/wp-json\/wp\/v2\/categories?post=116288"},{"taxonomy":"post_tag","embeddable":true,"href":"https:\/\/linitiative.ca\/International\/wp-json\/wp\/v2\/tags?post=116288"}],"curies":[{"name":"wp","href":"https:\/\/api.w.org\/{rel}","templated":true}]}}