{"id":116291,"date":"2021-05-06T13:34:00","date_gmt":"2021-05-06T17:34:00","guid":{"rendered":"https:\/\/linitiative.ca\/International\/en-direct-de-washington-la-tunisie-et-le-fmi-procedent-a-des-discussions-techniques-aucun-time-line-fixe\/"},"modified":"2021-05-06T13:34:00","modified_gmt":"2021-05-06T17:34:00","slug":"en-direct-de-washington-la-tunisie-et-le-fmi-procedent-a-des-discussions-techniques-aucun-time-line-fixe","status":"publish","type":"post","link":"https:\/\/linitiative.ca\/International\/en-direct-de-washington-la-tunisie-et-le-fmi-procedent-a-des-discussions-techniques-aucun-time-line-fixe\/","title":{"rendered":"En direct de Washington &#8211; La Tunisie et le FMI proc\u00e8dent \u00e0 des \u2018\u2019discussions techniques\u2019\u2019, aucun time-line fix\u00e9"},"content":{"rendered":"<p>\u00a0\u00bbDes discussions techniques\u00a0\u00bb ont \u00e9t\u00e9 engag\u00e9es cette semaine entre des \u00e9quipes du Fonds mon\u00e9taire international et les autorit\u00e9s tunisienne a confirm\u00e9 Gerry Rice, directeur de la Communication du Fonds, \u00e0 <em>Leaders<\/em>. A cette occasion, la Tunisie a pr\u00e9sent\u00e9 son programme de r\u00e9formes \u00e9conomiques. Les disscussions techniques se sont concentr\u00e9es sur la compr\u00e9hension du programme.\u00a0Il afirm\u00e9 que le Fonds est pr\u00eat \u00e0 venir en aide \u00e0 la Tunisie, mais sans fournir de plus amples d\u00e9tails.<\/p>\n<p>Interrog\u00e9 par <em>Leaders<\/em> lors de sa conf\u00e9rence de presse tenue jeudi \u00e0 distance \u00e0 partir de Washington DC, Gerry Rice a soulign\u00e9 que le Fonds cherche \u00e0 comprendre, \u00e0 travers ces \u00ab\u00a0discussions techniques\u00a0\u00bb, la vision de la Tunisie et sa strat\u00e9gie.\u00a0 Quant au planning, il a indiqu\u00e9 qu\u2019aucun time-line n\u2019est pour le moment fix\u00e9.\u00a0\u00ab\u00a0Je n\u2019ai pas de calendrier ou d\u2019\u00e9ch\u00e9ance de fin de n\u00e9gociations, ni du montant du pr\u00eat qui est discut\u00e9\u00a0\u00bb, a-t-il d\u00e9clar\u00e9. Une prudence, habituelle, compr\u00e9hensible.<\/p>\n<p class=\"c3\"><span class=\"c2\"><strong>En d\u00e9cryptage,<\/strong><\/span> il convient de noter qu\u2019il s\u2019agit d\u2019un round pr\u00e9liminaire de discussions \u00e0 un niveau technique. La Tunisie n\u2019a pas encore soumis une demande formelle ce qui ouvre la voie \u00e0 des n\u00e9gociations avec le Fonds. Du coup, aucun planning estimatif ne saurait \u00eatre \u00e9tabli. Conforme \u00e0 sa position de principe, le FMI confirme sa disposition \u00e0 appuyer la Tunisie dans sa d\u00e9marche. Selon quel programme\u00a0? Pour quel montant\u00a0? A quelles conditions?\u00a0Et quelles \u00e9ch\u00e9ances de d\u00e9caissement\u00a0? Il est encore t\u00f4t de l\u2019annoncer.<\/p>\n<p>Le si\u00e8ge du FMI \u00e9tant ferm\u00e9 en raison des restrictions sanitaires, les \u00e9changes ont d\u00fb se d\u00e9rouler par visio-conf\u00e9rence, \u00e0 partir de l\u2019Ambassade de Tunisie \u00e0 Washington DC. La forte d\u00e9l\u00e9gation tunisienne, d\u00e9p\u00each\u00e9e depuis le weekend-end dernier dans la capitale f\u00e9d\u00e9rale am\u00e9ricaine sous la conduite du ministre de l\u2019\u00c9conomie, des Finances et de l\u2019Investissement, Ali Kooli, est accompagn\u00e9e du Gouverneur de la Banque centrale, Marouane El Abassi ainsi que du pr\u00e9sident de l\u2019Utica, Samir Majoul. Initialement pr\u00e9vu, le secr\u00e9taire g\u00e9n\u00e9ral de l\u2019UGTT a pr\u00e9f\u00e9r\u00e9 renoncer au voyage.<\/p>\n<p>Au programme du s\u00e9jour de la d\u00e9l\u00e9gation devant prendre fin vendredi, figurent notamment des entretiens avec le pr\u00e9sident de la Banque mondiale et des responsables du Tr\u00e9sor am\u00e9ricain. Observant un silence total, le chef de la d\u00e9l\u00e9gation n\u2019a pas souhait\u00e9 communiquer. D\u2019ores et d\u00e9j\u00e0, il est invit\u00e9, \u00e0 son retour \u00e0 Tunis, \u00e0 une audition, apr\u00e8s l&rsquo;A\u00efd, en s\u00e9ance pl\u00e9ni\u00e8re devant les \u00e9lus de la Nation, au Bardo le 20 mai courant. D\u2019autres membres du gouvernement aussi. Le lendemain, 21 mai, ce sera autour du Gouverneur de la Banque Centrale, Marouane El Abassi de plancher devant la repr\u00e9sentation nationale, sous la coupole du Bardo.<\/p>\n<p>Auteur:<br \/>\n<a href=\"https:\/\/www.leaders.com.tn\/article\/31841-la-tunisie-et-le-fmi-procedent-a-des-discussions-techniques-aucun-time-line-fixe\">Cliquez ici pour lire l&rsquo;article depuis sa source.<\/a><\/p>\n","protected":false},"excerpt":{"rendered":"<p>\u00a0\u00bbDes discussions techniques\u00a0\u00bb ont \u00e9t\u00e9 engag\u00e9es cette semaine entre des \u00e9quipes du Fonds mon\u00e9taire international et les autorit\u00e9s tunisienne a confirm\u00e9 Gerry Rice, directeur de la Communication du Fonds, \u00e0 Leaders. A cette occasion, la Tunisie a pr\u00e9sent\u00e9 son programme de r\u00e9formes \u00e9conomiques. Les disscussions techniques se sont concentr\u00e9es sur la compr\u00e9hension du programme.\u00a0Il afirm\u00e9 [&hellip;]<\/p>\n","protected":false},"author":1772,"featured_media":0,"comment_status":"closed","ping_status":"closed","sticky":false,"template":"","format":"standard","meta":{"fifu_image_url":"","fifu_image_alt":"","footnotes":""},"categories":[73,55],"tags":[],"class_list":["post-116291","post","type-post","status-publish","format-standard","hentry","category-actualite","category-tunisie"],"_links":{"self":[{"href":"https:\/\/linitiative.ca\/International\/wp-json\/wp\/v2\/posts\/116291","targetHints":{"allow":["GET"]}}],"collection":[{"href":"https:\/\/linitiative.ca\/International\/wp-json\/wp\/v2\/posts"}],"about":[{"href":"https:\/\/linitiative.ca\/International\/wp-json\/wp\/v2\/types\/post"}],"author":[{"embeddable":true,"href":"https:\/\/linitiative.ca\/International\/wp-json\/wp\/v2\/users\/1772"}],"replies":[{"embeddable":true,"href":"https:\/\/linitiative.ca\/International\/wp-json\/wp\/v2\/comments?post=116291"}],"version-history":[{"count":0,"href":"https:\/\/linitiative.ca\/International\/wp-json\/wp\/v2\/posts\/116291\/revisions"}],"wp:attachment":[{"href":"https:\/\/linitiative.ca\/International\/wp-json\/wp\/v2\/media?parent=116291"}],"wp:term":[{"taxonomy":"category","embeddable":true,"href":"https:\/\/linitiative.ca\/International\/wp-json\/wp\/v2\/categories?post=116291"},{"taxonomy":"post_tag","embeddable":true,"href":"https:\/\/linitiative.ca\/International\/wp-json\/wp\/v2\/tags?post=116291"}],"curies":[{"name":"wp","href":"https:\/\/api.w.org\/{rel}","templated":true}]}}