{"id":116293,"date":"2021-05-06T06:00:00","date_gmt":"2021-05-06T10:00:00","guid":{"rendered":"https:\/\/linitiative.ca\/International\/mise-au-point-de-la-cheffe-de-service-de-pediatrie-du-chu-de-tizi-ouzou\/"},"modified":"2021-05-06T06:00:00","modified_gmt":"2021-05-06T10:00:00","slug":"mise-au-point-de-la-cheffe-de-service-de-pediatrie-du-chu-de-tizi-ouzou","status":"publish","type":"post","link":"https:\/\/linitiative.ca\/International\/mise-au-point-de-la-cheffe-de-service-de-pediatrie-du-chu-de-tizi-ouzou\/","title":{"rendered":"Mise au point de la cheffe de service de p\u00e9diatrie du CHU de Tizi Ouzou"},"content":{"rendered":"<p class=\"c3\">Suite au droit de r\u00e9ponse de la DG du CHU paru dans votre \u00e9dition du 02\/5\/2021, je me sens dans l&rsquo;obligation de sortir de ma r\u00e9serve et apporter les clarifications n\u00e9cessaires.<br \/>J\u2019ai consacr\u00e9 ma vie enti\u00e8re aux malades et \u00e0 la formation de plusieurs dizaines de p\u00e9diatres et je continue \u00e0 servir les malades malgr\u00e9 l&rsquo;acharnement de ce directeur ; en effet, j&rsquo;insiste sur l&rsquo;abus d&rsquo;autorit\u00e9 et le harc\u00e8lement psychologique que je subis.<br \/>Nous n&rsquo;avons pas cess\u00e9 de d\u00e9noncer depuis 2014 \u00e0 ce jour, l&rsquo;aspect anti-r\u00e9glementaire de cette unit\u00e9 de n\u00e9onatalogie \u00e9rig\u00e9e en service par le DGSS MSP en 2014 malgr\u00e9 l&rsquo;opposition du conseil scientifique (CS) extraordinaire, la direction de l&rsquo;\u00e9poque et moi-m\u00eame en qualit\u00e9 de chef de service par int\u00e9rim avions insist\u00e9 sur l&rsquo;inexistence d&rsquo;une maternit\u00e9 mitoyenne.<br \/>Contrairement au propos de ce directeur qui dit que j&rsquo;ai b\u00e9n\u00e9fici\u00e9 de ce service, c&rsquo;est de la calomnie \u00e9tant donn\u00e9 que je l&rsquo;ai saisi en 2018 pour lui signaler les dysfonctionnements de ce service, mais en vain (documents \u00e0 l&rsquo;appui). Il avait refus\u00e9 d&rsquo;affecter des p\u00e9diatres en n\u00e9onatalogie, alors qu&rsquo;il en a affect\u00e9 six en p\u00e9diatrie. Il m&rsquo;a contrainte \u00e0 repasser le concours national o\u00f9 j&rsquo;\u00e9tais class\u00e9e major de ma promotion, apr\u00e8s avoir pris le service de p\u00e9diatrie. L&rsquo;acharnement se poursuit. Il d\u00e9place de fa\u00e7on autoritaire \u00e0 la n\u00e9onatalogie un ma\u00eetre-assistant et un MCA qui ont un arr\u00eat\u00e9 interminist\u00e9riel les affectant en p\u00e9diatrie, sans tenir compte de mon avis de chef de service.<br \/>Quant au CS, au contraire, c&rsquo;est moi-m\u00eame qui avais annonc\u00e9 \u00e0 l&rsquo;assembl\u00e9e compte tenu des injonctions de l&rsquo;administration et de son refus de contre-signer la liste de garde commune du mois de mars, pour favoriser un m\u00e9decin et pour mettre une assistante en cong\u00e9 sur la liste de garde. De ce fait, j&rsquo;ai pris \u00e0 t\u00e9moin l&rsquo;honorable CS o\u00f9 j&rsquo;ai d\u00e9clar\u00e9 que d\u00e9sormais, le service de p\u00e9diatrie \u00e9tablira sa propre liste et \u00e0 l&rsquo;\u00e9quipe de n\u00e9onatalogie au nombre de quatre p\u00e9diatres et non trois, d&rsquo;\u00e9tablir leur propre liste conform\u00e9ment \u00e0 la r\u00e9glementation en vigueur.<br \/>Monsieur le Ministre, je vous interpelle quant \u00e0 ces r\u00e9quisitions ill\u00e9gales qui continuent \u00e0 ce jour.<\/p>\n<p>Auteur:<br \/>\n<a href=\"https:\/\/www.lesoirdalgerie.com\/periscoop\/mise-au-point-de-la-cheffe-de-service-de-pediatrie-du-chu-de-tizi-ouzou-60722\">Cliquez ici pour lire l&rsquo;article depuis sa source.<\/a><\/p>\n","protected":false},"excerpt":{"rendered":"<p>Suite au droit de r\u00e9ponse de la DG du CHU paru dans votre \u00e9dition du 02\/5\/2021, je me sens dans l&rsquo;obligation de sortir de ma r\u00e9serve et apporter les clarifications n\u00e9cessaires.J\u2019ai consacr\u00e9 ma vie enti\u00e8re aux malades et \u00e0 la formation de plusieurs dizaines de p\u00e9diatres et je continue \u00e0 servir les malades malgr\u00e9 l&rsquo;acharnement [&hellip;]<\/p>\n","protected":false},"author":1741,"featured_media":0,"comment_status":"closed","ping_status":"closed","sticky":false,"template":"","format":"standard","meta":{"fifu_image_url":"","fifu_image_alt":"","footnotes":""},"categories":[73,53],"tags":[],"class_list":["post-116293","post","type-post","status-publish","format-standard","hentry","category-actualite","category-algerie"],"_links":{"self":[{"href":"https:\/\/linitiative.ca\/International\/wp-json\/wp\/v2\/posts\/116293","targetHints":{"allow":["GET"]}}],"collection":[{"href":"https:\/\/linitiative.ca\/International\/wp-json\/wp\/v2\/posts"}],"about":[{"href":"https:\/\/linitiative.ca\/International\/wp-json\/wp\/v2\/types\/post"}],"author":[{"embeddable":true,"href":"https:\/\/linitiative.ca\/International\/wp-json\/wp\/v2\/users\/1741"}],"replies":[{"embeddable":true,"href":"https:\/\/linitiative.ca\/International\/wp-json\/wp\/v2\/comments?post=116293"}],"version-history":[{"count":0,"href":"https:\/\/linitiative.ca\/International\/wp-json\/wp\/v2\/posts\/116293\/revisions"}],"wp:attachment":[{"href":"https:\/\/linitiative.ca\/International\/wp-json\/wp\/v2\/media?parent=116293"}],"wp:term":[{"taxonomy":"category","embeddable":true,"href":"https:\/\/linitiative.ca\/International\/wp-json\/wp\/v2\/categories?post=116293"},{"taxonomy":"post_tag","embeddable":true,"href":"https:\/\/linitiative.ca\/International\/wp-json\/wp\/v2\/tags?post=116293"}],"curies":[{"name":"wp","href":"https:\/\/api.w.org\/{rel}","templated":true}]}}