{"id":116296,"date":"2021-05-06T06:00:00","date_gmt":"2021-05-06T10:00:00","guid":{"rendered":"https:\/\/linitiative.ca\/International\/on-les-dit-autrement-preoccupes\/"},"modified":"2021-05-06T06:00:00","modified_gmt":"2021-05-06T10:00:00","slug":"on-les-dit-autrement-preoccupes","status":"publish","type":"post","link":"https:\/\/linitiative.ca\/International\/on-les-dit-autrement-preoccupes\/","title":{"rendered":"On les dit autrement pr\u00e9occup\u00e9s"},"content":{"rendered":"<p class=\"c3\">Quelqu\u2019un me disait il y a quelques mois que les membres du Conseil scientifique arrondissaient m\u00e9chamment les angles en d\u00e9crivant la pand\u00e9mie comme en grande partie ma\u00eetris\u00e9e. Ils le feraient pour ne pas contrarier l\u2019autorit\u00e9 et surtout dans l\u2019espoir qu\u2019en donnant un aper\u00e7u satisfaisant de la situation sanitaire, on penserait in\u00e9vitablement \u00e0 les en r\u00e9compenser.\u00a0<br \/>\u00c0 les gratifier pour le s\u00e9rieux et l\u2019\u00e9nergie d\u00e9pens\u00e9e au cours de leur mission, en les \u00e9levant \u00e0 un statut autant avantageux financi\u00e8rement qu\u2019ouvrant la voie \u00e0 davantage d\u2019influence et de mainmise sur le secteur. Ainsi, certains de nos pr\u00e9cieux savants seraient plus branch\u00e9s politique et promotion sociale et financi\u00e8re que concentr\u00e9s sur la gestion de la pand\u00e9mie. Faut-il accorder du cr\u00e9dit \u00e0 ceux de leurs confr\u00e8res, rod\u00e9s aux calculs internes \u00e0 la profession et aux ambitions qui naissent au c\u0153ur dudit comit\u00e9 ? Il y aurait selon quelques t\u00e9moignages, s\u00e9rieusement argument\u00e9s, de fortes probabilit\u00e9s que les vis\u00e9es de chacun soient encourag\u00e9es par la situation qui pr\u00e9vaut et qu\u2019impose, non pas la Covid-19, mais la course aux privil\u00e8ges qu\u2019encouragent certaines conjonctures. Selon certaines indiscr\u00e9tions, les calculs ne conna\u00eetraient aucun r\u00e9pit. Si le contexte actuel ne fragilisait pas autant le pays, personne ne trouverait \u00e0 redire et j\u2019aurais personnellement fortement applaudi le fait que des profils, pr\u00e9sent\u00e9s comme au top de la connaissance, se positionnent pour plus de distinction. Seulement voil\u00e0, le ministre de la Sant\u00e9 \u00e9tant toujours en place, cela veut dire qu\u2019il b\u00e9n\u00e9ficie toujours de la confiance de ses sup\u00e9rieurs. Nos \u00absavants \u00e9m\u00e9rites\u00bb devraient, par cons\u00e9quent, revenir \u00e0 leur mission initiale et confier l\u2019information et la sensibilisation \u00e0 ceux qui savent y faire et surtout ne partagent pas les ambitions qui naissent en leur sein et entament enfin la prise en charge effective du mal qui s\u00e9vit et dont il ne sert \u00e0 rien de cacher la s\u00e9v\u00e9rit\u00e9 aux Alg\u00e9riens.\u00a0<br \/>C\u2019est vrai, pourquoi porter une bavette, se priver d\u2019\u00e9treindre les siens ou s\u2019obliger \u00e0 se laver les mains alors qu\u2019un coup on vous dit que tout va bien et un autre que le virus et ses variants progressent ?\u00a0<br \/><em><strong>M. B.<\/strong><\/em><\/p>\n<p>Auteur:<br \/>\n<a href=\"https:\/\/www.lesoirdalgerie.com\/soit-dit-en-passant\/on-les-dit-autrement-preoccupes-60719\">Cliquez ici pour lire l&rsquo;article depuis sa source.<\/a><\/p>\n","protected":false},"excerpt":{"rendered":"<p>Quelqu\u2019un me disait il y a quelques mois que les membres du Conseil scientifique arrondissaient m\u00e9chamment les angles en d\u00e9crivant la pand\u00e9mie comme en grande partie ma\u00eetris\u00e9e. Ils le feraient pour ne pas contrarier l\u2019autorit\u00e9 et surtout dans l\u2019espoir qu\u2019en donnant un aper\u00e7u satisfaisant de la situation sanitaire, on penserait in\u00e9vitablement \u00e0 les en r\u00e9compenser.\u00a0\u00c0 [&hellip;]<\/p>\n","protected":false},"author":1741,"featured_media":0,"comment_status":"closed","ping_status":"closed","sticky":false,"template":"","format":"standard","meta":{"fifu_image_url":"","fifu_image_alt":"","footnotes":""},"categories":[73,53],"tags":[],"class_list":["post-116296","post","type-post","status-publish","format-standard","hentry","category-actualite","category-algerie"],"_links":{"self":[{"href":"https:\/\/linitiative.ca\/International\/wp-json\/wp\/v2\/posts\/116296","targetHints":{"allow":["GET"]}}],"collection":[{"href":"https:\/\/linitiative.ca\/International\/wp-json\/wp\/v2\/posts"}],"about":[{"href":"https:\/\/linitiative.ca\/International\/wp-json\/wp\/v2\/types\/post"}],"author":[{"embeddable":true,"href":"https:\/\/linitiative.ca\/International\/wp-json\/wp\/v2\/users\/1741"}],"replies":[{"embeddable":true,"href":"https:\/\/linitiative.ca\/International\/wp-json\/wp\/v2\/comments?post=116296"}],"version-history":[{"count":0,"href":"https:\/\/linitiative.ca\/International\/wp-json\/wp\/v2\/posts\/116296\/revisions"}],"wp:attachment":[{"href":"https:\/\/linitiative.ca\/International\/wp-json\/wp\/v2\/media?parent=116296"}],"wp:term":[{"taxonomy":"category","embeddable":true,"href":"https:\/\/linitiative.ca\/International\/wp-json\/wp\/v2\/categories?post=116296"},{"taxonomy":"post_tag","embeddable":true,"href":"https:\/\/linitiative.ca\/International\/wp-json\/wp\/v2\/tags?post=116296"}],"curies":[{"name":"wp","href":"https:\/\/api.w.org\/{rel}","templated":true}]}}