{"id":116297,"date":"2021-05-06T09:55:21","date_gmt":"2021-05-06T13:55:21","guid":{"rendered":"https:\/\/linitiative.ca\/International\/continuite-par-jamal-berraoui\/"},"modified":"2021-05-06T09:55:21","modified_gmt":"2021-05-06T13:55:21","slug":"continuite-par-jamal-berraoui","status":"publish","type":"post","link":"https:\/\/linitiative.ca\/International\/continuite-par-jamal-berraoui\/","title":{"rendered":"Continuit\u00e9 [par Jamal Berraoui]"},"content":{"rendered":"<p><strong>Le Prince h\u00e9ritier Moulay El Hassan f\u00eate ses dix-huit ans. Notre groupe s\u2019associe \u00e0 l\u2019ensemble du peuple marocain pour lui souhaiter un bon anniversaire. C\u2019est aussi l\u2019occasion de comprendre ce que la monarchie offre en termes de stabilit\u00e9.<\/strong><\/p>\n<div class=\"c10\">\n<\/div>\n<p><strong>La primog\u00e9niture \u00e9vite toute secousse<\/strong>, mais elle permet aussi la formation sp\u00e9cifique de celui qui devra un jour assumer les plus hautes charges. Il y a le c\u00f4t\u00e9 acad\u00e9mique bien s\u00fbr dans un environnement d\u2019excellence, d\u2019exigence, mais le plus important est sans doute l\u2019apprentissage, au quotidien, aupr\u00e8s du Roi. Il apprend les arcanes de l\u2019Etat, les relations internationales et la profondeur des liens entre l\u2019institution monarchique et le peuple marocain. Cet apprentissage est l\u2019un des fondements de la continuit\u00e9 marocaine dans ce qu\u2019elle a de plus rassurant. Ancr\u00e9e dans l\u2019histoire, la monarchie \u00e9volue avec son temps et permet de r\u00e9pondre aux d\u00e9fis avec une vision renouvel\u00e9e mais sans rupture ni reniement.<\/p>\n<p><strong>Le chantier de la protection sociale impos\u00e9 par le Roi,<\/strong> est en marche. Il est structurant parce que la lutte contre la pr\u00e9carit\u00e9 devient syst\u00e9mique. C\u2019est l\u2019un des moyens les plus justes de partager la valeur. C\u2019est cet effort qui renforcera la solidarit\u00e9, socle de toute stabilit\u00e9 politique. Maintenant, c\u2019est au tour des entrepreneurs de comprendre l\u2019importance de cette approche pour le pays, mais aussi pour la marche de leurs propres affaires. Les entreprises qui partagent la valeur d\u00e9gag\u00e9e entre le capital et le travail sont celles qui ont la meilleure productivit\u00e9, ce qui est un gage de r\u00e9ussite face \u00e0 la concurrence. Ce travail culturel doit \u00eatre engag\u00e9 pour pacifier les relations sociales, permettre l\u2019\u00e9mergence \u00e9conomique, en solidifiant le march\u00e9 int\u00e9rieur.<\/p>\n<p><strong>Plusieurs universit\u00e9s se sont distingu\u00e9es<\/strong> par la cr\u00e9ativit\u00e9 de leurs \u00e9tudiants, surtout en r\u00e9ponse au Covid-19, mais pas uniquement. Cette bonne nouvelle demande confirmation. Il faudrait g\u00e9n\u00e9raliser cet \u00e9lan et l\u2019approfondir. Cela ne peut se faire que par un financement cons\u00e9quent de la recherche scientifique. Partout o\u00f9 cela fonctionne, public, priv\u00e9 et soci\u00e9t\u00e9 civile participent au financement de la recherche, qu\u2019elle soit fondamentale ou op\u00e9rationnelle. Ne pas rel\u00e2cher l\u2019effort, p\u00e9renniser les acquis, c\u2019est cela qui constitue la d\u00e9marche cumulative qu\u2019on nomme le d\u00e9veloppement.<\/p>\n<p><strong>Lire aussi| <a href=\"https:\/\/www.challenge.ma\/hotellerie-lisraelien-fattal-lorgne-le-maroc-183601\/\">H\u00f4tellerie : l\u2019Isra\u00e9lien Fattal lorgne le Maroc<\/a><\/strong><\/p>\n<p>Auteur: challenge<br \/>\n<a href=\"https:\/\/www.challenge.ma\/continuite-par-jamal-berraoui-183758\/\">Cliquez ici pour lire l&rsquo;article depuis sa source.<\/a><\/p>\n","protected":false},"excerpt":{"rendered":"<p>Le Prince h\u00e9ritier Moulay El Hassan f\u00eate ses dix-huit ans. Notre groupe s\u2019associe \u00e0 l\u2019ensemble du peuple marocain pour lui souhaiter un bon anniversaire. C\u2019est aussi l\u2019occasion de comprendre ce que la monarchie offre en termes de stabilit\u00e9. La primog\u00e9niture \u00e9vite toute secousse, mais elle permet aussi la formation sp\u00e9cifique de celui qui devra un [&hellip;]<\/p>\n","protected":false},"author":1787,"featured_media":0,"comment_status":"closed","ping_status":"closed","sticky":false,"template":"","format":"standard","meta":{"fifu_image_url":"","fifu_image_alt":"","footnotes":""},"categories":[78,54],"tags":[],"class_list":["post-116297","post","type-post","status-publish","format-standard","hentry","category-economie","category-maroc"],"_links":{"self":[{"href":"https:\/\/linitiative.ca\/International\/wp-json\/wp\/v2\/posts\/116297","targetHints":{"allow":["GET"]}}],"collection":[{"href":"https:\/\/linitiative.ca\/International\/wp-json\/wp\/v2\/posts"}],"about":[{"href":"https:\/\/linitiative.ca\/International\/wp-json\/wp\/v2\/types\/post"}],"author":[{"embeddable":true,"href":"https:\/\/linitiative.ca\/International\/wp-json\/wp\/v2\/users\/1787"}],"replies":[{"embeddable":true,"href":"https:\/\/linitiative.ca\/International\/wp-json\/wp\/v2\/comments?post=116297"}],"version-history":[{"count":0,"href":"https:\/\/linitiative.ca\/International\/wp-json\/wp\/v2\/posts\/116297\/revisions"}],"wp:attachment":[{"href":"https:\/\/linitiative.ca\/International\/wp-json\/wp\/v2\/media?parent=116297"}],"wp:term":[{"taxonomy":"category","embeddable":true,"href":"https:\/\/linitiative.ca\/International\/wp-json\/wp\/v2\/categories?post=116297"},{"taxonomy":"post_tag","embeddable":true,"href":"https:\/\/linitiative.ca\/International\/wp-json\/wp\/v2\/tags?post=116297"}],"curies":[{"name":"wp","href":"https:\/\/api.w.org\/{rel}","templated":true}]}}