{"id":116301,"date":"2021-05-06T10:25:25","date_gmt":"2021-05-06T14:25:25","guid":{"rendered":"https:\/\/linitiative.ca\/International\/lespagne-piegee\/"},"modified":"2021-05-06T10:25:25","modified_gmt":"2021-05-06T14:25:25","slug":"lespagne-piegee","status":"publish","type":"post","link":"https:\/\/linitiative.ca\/International\/lespagne-piegee\/","title":{"rendered":"L\u2019Espagne pi\u00e9g\u00e9e"},"content":{"rendered":"<p><strong>L\u2019affaire Brahim Ghali a suscit\u00e9 une vraie tension diplomatique entre Rabat et Madrid. Aux questions pos\u00e9es par le communiqu\u00e9 du minist\u00e8re des Affaires Etrang\u00e8res marocain, l\u2019Espagne r\u00e9pond que la r\u00e9ception de Brahim Ghali est un geste humanitaire. Or, le Maroc ne conteste pas que cette personne soit soign\u00e9e, mais qu\u2019elle entre sur le sol espagnol avec une fausse identit\u00e9 pour fuir les poursuites judiciaires enclench\u00e9es par des Sahraouis.<\/strong><\/p>\n<div class=\"c10\">\n<\/div>\n<p>Le gouvernement espagnol a tent\u00e9 de contourner l\u2019Etat de droit et de soustraire \u00e0 la Justice de son propre pays un homme soup\u00e7onn\u00e9 de tortures, de s\u00e9questration. C\u2019est cela qui fait de cette affaire un probl\u00e8me espagnol au-del\u00e0 de la crise diplomatique actuelle. La Justice espagnole a d\u00e9cid\u00e9 d\u2019entendre Brahim Ghali. Elle ne pourra le faire que si son \u00e9tat de sant\u00e9 le permet. Mais ensuite, devra-t-il\u00a0 rester en Espagne jusqu\u2019\u00e0 la fin des proc\u00e9dures ou pourra-t-il rentrer en Alg\u00e9rie et se soustraire \u00e0 nouveau \u00e0 la Justice\u00a0?<\/p>\n<p><strong>Lire aussi| <a href=\"https:\/\/www.challenge.ma\/relance-lonmt-mise-sur-les-regions-183740\/\">Relance : l\u2019ONMT mise sur les r\u00e9gions<\/a><\/strong><\/p>\n<p>C\u2019est une affaire qui mettra en lumi\u00e8re le degr\u00e9 d\u2019ind\u00e9pendance de la Justice espagnole. Pendant des ann\u00e9es, Brahim Ghali a refus\u00e9 de se pr\u00e9senter devant la Justice, c\u2019est un motif de le garder sous contr\u00f4le judiciaire jusqu\u2019au proc\u00e8s ou l\u2019abandon des poursuites. Toute autre d\u00e9cision prendrait des allures de deal.<\/p>\n<p>L\u2019Espagne a \u00e9t\u00e9 pi\u00e9g\u00e9e par sa politique au Maghreb o\u00f9 elle joue les \u00e9quilibres au m\u00e9pris de la clart\u00e9. En tant que puissance coloniale, elle sait tr\u00e8s bien que la r\u00e9sistance \u00e0 sa p\u00e9n\u00e9tration par Maa El Ainaine s\u2019est faite au nom du Roi du Maroc. Elle sait aussi, que la stabilit\u00e9 du flanc sud est primordiale pour sa propre s\u00e9curit\u00e9. Mais elle refuse de s\u2019engager et laisse m\u00eame une grande libert\u00e9 d\u2019action au Polisario sur son sol, sous la pression de l\u2019extr\u00eame gauche. Et pourtant, Madrid loue \u00e0 chaque occasion le partenariat avec le Maroc sur des dossiers strat\u00e9giques, en particulier la lutte contre le terrorisme.<\/p>\n<p><strong>Lire aussi| <a href=\"https:\/\/www.challenge.ma\/le-maroc-rappelle-son-ambassadeur-en-allemagne-183763\/\">Le Maroc rappelle son ambassadeur en Allemagne<\/a><\/strong><\/p>\n<p>La fermet\u00e9\u00a0 marocaine est une position pas une posture. Madrid doit clarifier ses choix sur l\u2019affaire du Sahara, si la coop\u00e9ration strat\u00e9gique l\u2019int\u00e9resse toujours. Les barbouzes ont pi\u00e9g\u00e9 la diplomatie espagnole. Celle-ci a cru qu\u2019une fausse identit\u00e9 r\u00e9glerait le probl\u00e8me. Elle se trouve avec un scandale sur les bras et une tension tr\u00e8s s\u00e9rieuse avec le Maroc.<\/p>\n<p>Auteur: Jamal Berraoui<br \/>\n<a href=\"https:\/\/www.challenge.ma\/lespagne-piegee-183770\/\">Cliquez ici pour lire l&rsquo;article depuis sa source.<\/a><\/p>\n","protected":false},"excerpt":{"rendered":"<p>L\u2019affaire Brahim Ghali a suscit\u00e9 une vraie tension diplomatique entre Rabat et Madrid. Aux questions pos\u00e9es par le communiqu\u00e9 du minist\u00e8re des Affaires Etrang\u00e8res marocain, l\u2019Espagne r\u00e9pond que la r\u00e9ception de Brahim Ghali est un geste humanitaire. Or, le Maroc ne conteste pas que cette personne soit soign\u00e9e, mais qu\u2019elle entre sur le sol espagnol [&hellip;]<\/p>\n","protected":false},"author":1787,"featured_media":0,"comment_status":"closed","ping_status":"closed","sticky":false,"template":"","format":"standard","meta":{"fifu_image_url":"","fifu_image_alt":"","footnotes":""},"categories":[78,54],"tags":[],"class_list":["post-116301","post","type-post","status-publish","format-standard","hentry","category-economie","category-maroc"],"_links":{"self":[{"href":"https:\/\/linitiative.ca\/International\/wp-json\/wp\/v2\/posts\/116301","targetHints":{"allow":["GET"]}}],"collection":[{"href":"https:\/\/linitiative.ca\/International\/wp-json\/wp\/v2\/posts"}],"about":[{"href":"https:\/\/linitiative.ca\/International\/wp-json\/wp\/v2\/types\/post"}],"author":[{"embeddable":true,"href":"https:\/\/linitiative.ca\/International\/wp-json\/wp\/v2\/users\/1787"}],"replies":[{"embeddable":true,"href":"https:\/\/linitiative.ca\/International\/wp-json\/wp\/v2\/comments?post=116301"}],"version-history":[{"count":0,"href":"https:\/\/linitiative.ca\/International\/wp-json\/wp\/v2\/posts\/116301\/revisions"}],"wp:attachment":[{"href":"https:\/\/linitiative.ca\/International\/wp-json\/wp\/v2\/media?parent=116301"}],"wp:term":[{"taxonomy":"category","embeddable":true,"href":"https:\/\/linitiative.ca\/International\/wp-json\/wp\/v2\/categories?post=116301"},{"taxonomy":"post_tag","embeddable":true,"href":"https:\/\/linitiative.ca\/International\/wp-json\/wp\/v2\/tags?post=116301"}],"curies":[{"name":"wp","href":"https:\/\/api.w.org\/{rel}","templated":true}]}}