{"id":116307,"date":"2021-05-06T16:27:54","date_gmt":"2021-05-06T20:27:54","guid":{"rendered":"https:\/\/linitiative.ca\/International\/condamnation-de-lex-commandant-de-la-lra-par-la-cpi\/"},"modified":"2021-05-06T16:27:54","modified_gmt":"2021-05-06T20:27:54","slug":"condamnation-de-lex-commandant-de-la-lra-par-la-cpi","status":"publish","type":"post","link":"https:\/\/linitiative.ca\/International\/condamnation-de-lex-commandant-de-la-lra-par-la-cpi\/","title":{"rendered":"CONDAMNATION DE L\u2019EX-COMMANDANT DE LA LRA PAR LA CPI"},"content":{"rendered":"<p class=\"c4\"><em>L\u2019ex-commandant de l\u2019Arm\u00e9e de r\u00e9sistance du Seigneur (LRA), Dominic Ongwen, passera 25 ans de sa vie en prison. Ainsi en ont d\u00e9cid\u00e9 les juges de la \u00a0Cour p\u00e9nale internationale (CPI). Ce verdict a \u00e9t\u00e9 rendu public, le 6 mai dernier. Plus de doute donc, l\u2019ex-enfant soldat devenu chef de guerre ougandais est bel et bien un bourreau et non une victime\u00a0comme le pr\u00e9tendaient ses avocats. Va-t-il faire appel de cette d\u00e9cision\u00a0? On attend de voir. L\u2019ex-commandant de la LRA avait \u00e9t\u00e9 reconnu coupable de 61 chefs d\u2019accusation, le 4 f\u00e9vrier 2021, \u00a0par la CPI o\u00f9 il devait r\u00e9pondre, depuis son transf\u00e8rement en 2015 et l\u2019ouverture de son proc\u00e8s en 2016, de 70 chefs d\u2019accusations dont ceux d\u2019esclavage d\u2019enfants, de crimes de guerre et de crimes contre l\u2019humanit\u00e9 commis\u00a0 en Ouganda et dans la r\u00e9gion des Grands lacs. En 2013, les Etats-Unis avaient mis sa t\u00eate \u00e0 prix pour cinq millions de dollars. C\u2019est dire toute la dimension des crimes \u00e0 lui reproch\u00e9s, et du danger qu\u2019il repr\u00e9sentait en \u00e9tant dans la nature. Le quadrag\u00e9naire prisonnier d\u2019aujourd\u2019hui de La Haye, \u00e0 qui il est reproch\u00e9 de multiples atrocit\u00e9s, \u00e9tait d\u00e9crit comme le plus \u00ab\u00a0courageux, loyal et brutal\u00a0\u00bb des hommes de Joseph Kony.\u00a0 Ce leader de la LRA, en cavale et toujours introuvable, a pouss\u00e9 \u00e0 la r\u00e9bellion, de nombreux combattants qui s\u00e9vissaient en Ouganda, en R\u00e9publique d\u00e9mocratique du Congo, au Soudan et en Centrafrique.<\/em><\/p>\n<p class=\"c4\"><em>\u00a0<\/em><\/p>\n<p class=\"c6\"><strong><em>Ce ne sont pas tous les enfants victimes de brimades, qui deviennent d\u2019impitoyables tueurs froids<\/em><\/strong><\/p>\n<p class=\"c4\"><em>\u00a0<\/em><\/p>\n<p class=\"c4\"><em>Autant de pays qui restent aujourd\u2019hui encore, \u00e0 des degr\u00e9s divers, des foyers de tensions. D\u2019apr\u00e8s l\u2019ONU, le groupe de Joseph Kony aurait tu\u00e9 pr\u00e8s de 100\u00a0000 personnes en Afrique et enlev\u00e9 plus de 60\u00a0000 enfants. Tueries et kidnappings qui s\u2019\u00e9tendent sur les trois derni\u00e8res d\u00e9cennies, d\u2019abord dans le cadre d\u2019un soul\u00e8vement contre le gouvernement ougandais en 1987 (date de cr\u00e9ation de la LRA), puis en tant que bande arm\u00e9e errante sur le continent africain.\u00a0 Avec un tel pedigree de cruaut\u00e9 \u00e0 la limite de l\u2019inhumanisme, on se demande comment Dominic Ongwen pouvait esp\u00e9rer \u00e9chapper aux fourches caudines de la Justice internationale. En tout cas, son pass\u00e9 d\u2019enfant soldat qui \u00e9tait sa principale ligne de d\u00e9fense et qui tendait \u00e0 le faire passer lui-m\u00eame d\u2019abord pour une victime, ne pouvait expliquer \u00e0 lui seul, les atrocit\u00e9s dont il s\u2019est rendu par la suite coupable, encore moins l\u2019absoudre de la responsabilit\u00e9 des meurtres, viols, tortures, esclavage sexuel, pillages et autres recrutements d\u2019enfants soldats \u00e2g\u00e9s de moins de 15 ans dont il \u00e9tait accus\u00e9. Car, ce n\u2019est pas parce qu\u2019on est enfant, qu\u2019on n\u2019est pas passible de condamnation. C\u2019est ce qui justifie, du reste, l\u2019existence de tribunaux pour enfants, qui prononcent des sentences assorties. Dans le cas d\u2019esp\u00e8ce, les avocats de Dominic Ongwen voulaient pour lui, l\u2019excuse d\u2019avoir \u00e9t\u00e9 enlev\u00e9 \u00e0 l\u2019\u00e2ge de l\u2019adolescence pour \u00eatre conditionn\u00e9 et format\u00e9 dans un carcan qui ne lui laissait pas beaucoup de choix. Mais c\u2019est oublier un peu trop facilement que ce ne sont pas tous les enfants victimes de brimades, qui deviennent d\u2019impitoyables tueurs froids au point de se b\u00e2tir une triste renomm\u00e9e \u00e0 l\u2019\u00e9chelle internationale.<\/em><\/p>\n<p class=\"c4\"><em>\u00a0<\/em><\/p>\n<p class=\"c6\"><strong><em>Reste \u00e0 esp\u00e9rer que cela servira de le\u00e7on<\/em><\/strong><\/p>\n<p class=\"c4\"><em>\u00a0<\/em><\/p>\n<p class=\"c4\"><em>C\u2019est pourquoi le verdict de la CPI para\u00eet aussi logique que p\u00e9dagogique et on ne peut pas trouver \u00e0 redire sur son jugement. En m\u00eame temps, c\u2019est un message fort que cette institution envoie \u00e0 l\u2019endroit de tous les criminels de guerre dont certains continuent de courir les rues, et pensent pouvoir se soustraire impun\u00e9ment \u00e0 la Justice des Hommes. En tout cas, ce n\u2019est que justice, que Dominic Ongwen qui a \u00e9t\u00e9 rattrap\u00e9 par son pass\u00e9, puisse enfin payer ici-bas pour ses actes. \u00a0Reste maintenant \u00e0 esp\u00e9rer que cela servira de le\u00e7on et que d\u2019autres criminels du m\u00eame acabit encore tapis dans l\u2019ombre, finiront t\u00f4t ou tard par tomber dans les filets de la Justice internationale. A commencer par son mentor, Joseph Kony, dont on se demande \u00e0 quand le tour. En tout \u00e9tat de cause, au-del\u00e0 du droit, en reconnaissant Dominic Ongwen coupable, la Justice internationale fait \u0153uvre utile en\u00a0 continuant de le maintenir dans les liens de la d\u00e9tention. Car, non seulement son mentor, Joseph Kony, est toujours en cavale, mais aussi des pays comme la Centrafrique, le Soudan et dans une moindre mesure la R\u00e9publique d\u00e9mocratique du Congo o\u00f9 la LRA a eu \u00e0 s\u00e9vir, sont encore loin d\u2019\u00eatre totalement pacifi\u00e9s. En outre, l\u2019int\u00e9ress\u00e9 qui avait plaid\u00e9 non coupable d\u00e8s le d\u00e9part face \u00e0 la foultitude de chefs d\u2019accusation port\u00e9s \u00e0 son encontre par la juridiction internationale, semble encore dans le d\u00e9ni de ses actes, pour en rejeter exclusivement la responsabilit\u00e9 sur son mouvement arm\u00e9 d\u2019appartenance. Comment, dans ces conditions, peut-on esp\u00e9rer une quelconque repentance en vue d\u2019une \u00e9ventuelle bonne r\u00e9insertion dans la soci\u00e9t\u00e9, si tant est que la prison de Scheveningen o\u00f9 il croupit depuis cinq ans, ait, comme tout centre p\u00e9nitentiaire, \u00a0aussi pour vocation d\u2019en faire un homme nouveau, \u00e0 sa sortie\u00a0du cachot ?<\/em><\/p>\n<p class=\"c4\"><em>\u00a0<\/em><\/p>\n<p class=\"c6\"><strong><em>\u00ab\u00a0Le Pays\u00a0\u00bb<\/em><\/strong><\/p>\n<p class=\"c4\"><em>\u00a0<\/em><\/p>\n<p class=\"c4\"><em>\u00a0<\/em><\/p>\n<p>Auteur: Editions LEPAYS<br \/>\n<a href=\"https:\/\/lepays.bf\/condamnation-de-lex-commandant-de-la-lra-par-la-cpi\/\">Cliquez ici pour lire l&rsquo;article depuis sa source.<\/a><\/p>\n","protected":false},"excerpt":{"rendered":"<p>L\u2019ex-commandant de l\u2019Arm\u00e9e de r\u00e9sistance du Seigneur (LRA), Dominic Ongwen, passera 25 ans de sa vie en prison. Ainsi en ont d\u00e9cid\u00e9 les juges de la \u00a0Cour p\u00e9nale internationale (CPI). Ce verdict a \u00e9t\u00e9 rendu public, le 6 mai dernier. Plus de doute donc, l\u2019ex-enfant soldat devenu chef de guerre ougandais est bel et bien [&hellip;]<\/p>\n","protected":false},"author":1813,"featured_media":0,"comment_status":"closed","ping_status":"closed","sticky":false,"template":"","format":"standard","meta":{"fifu_image_url":"","fifu_image_alt":"","footnotes":""},"categories":[73,81],"tags":[],"class_list":["post-116307","post","type-post","status-publish","format-standard","hentry","category-actualite","category-burkina-faso"],"_links":{"self":[{"href":"https:\/\/linitiative.ca\/International\/wp-json\/wp\/v2\/posts\/116307","targetHints":{"allow":["GET"]}}],"collection":[{"href":"https:\/\/linitiative.ca\/International\/wp-json\/wp\/v2\/posts"}],"about":[{"href":"https:\/\/linitiative.ca\/International\/wp-json\/wp\/v2\/types\/post"}],"author":[{"embeddable":true,"href":"https:\/\/linitiative.ca\/International\/wp-json\/wp\/v2\/users\/1813"}],"replies":[{"embeddable":true,"href":"https:\/\/linitiative.ca\/International\/wp-json\/wp\/v2\/comments?post=116307"}],"version-history":[{"count":0,"href":"https:\/\/linitiative.ca\/International\/wp-json\/wp\/v2\/posts\/116307\/revisions"}],"wp:attachment":[{"href":"https:\/\/linitiative.ca\/International\/wp-json\/wp\/v2\/media?parent=116307"}],"wp:term":[{"taxonomy":"category","embeddable":true,"href":"https:\/\/linitiative.ca\/International\/wp-json\/wp\/v2\/categories?post=116307"},{"taxonomy":"post_tag","embeddable":true,"href":"https:\/\/linitiative.ca\/International\/wp-json\/wp\/v2\/tags?post=116307"}],"curies":[{"name":"wp","href":"https:\/\/api.w.org\/{rel}","templated":true}]}}