{"id":116308,"date":"2021-05-06T16:30:48","date_gmt":"2021-05-06T20:30:48","guid":{"rendered":"https:\/\/linitiative.ca\/International\/nouvel-appel-a-manifester-au-tchad\/"},"modified":"2021-05-06T16:30:48","modified_gmt":"2021-05-06T20:30:48","slug":"nouvel-appel-a-manifester-au-tchad","status":"publish","type":"post","link":"https:\/\/linitiative.ca\/International\/nouvel-appel-a-manifester-au-tchad\/","title":{"rendered":"NOUVEL APPEL A MANIFESTER AU TCHAD"},"content":{"rendered":"<p class=\"c4\"><em>Pas de tr\u00eave\u00a0! Pas d\u2019\u00e9tat de gr\u00e2ce\u00a0! C\u2019est en ces termes que l\u2019on peut r\u00e9sumer l\u2019attitude du mouvement citoyen Wakit Tama qui, au lendemain de la\u00a0 formation du gouvernement de Transition au Tchad, appelle\u00a0 \u00e0 de nouvelles manifestations en fin de semaine en cours sur toute l\u2019\u00e9tendue du territoire. Cette coalition compos\u00e9e d\u2019organisations de la soci\u00e9t\u00e9 civile et de partis politiques d\u2019opposition, estime que le Conseil militaire de Transition (CMT) dirig\u00e9 par Mahamat Idriss Deby, n\u2019a pas de l\u00e9gitimit\u00e9 et que par cons\u00e9quent, toute d\u00e9cision qu\u2019il prend, est ill\u00e9gitime. En clair, Wakit Tama ne reconna\u00eet pas le gouvernement d\u2019Albert Pahimi Padack\u00e9 que certains partis politiques de l\u2019opposition qui \u00e9taient pourtant dans les rangs des contestataires, ont accept\u00e9 d\u2019int\u00e9grer. C\u2019est le cas, par exemple, du Parti pour les libert\u00e9s et le d\u00e9veloppement (PLD) de Mahamat Ahmat Alhabo et de l\u2019Union pour le d\u00e9veloppement et le renouveau (UNDR) de Saleh Kebzabo qui y comptent quelques membres. Mais pour les leaders de Wakit Tama, la contestation populaire doit se poursuivre dans la rue pour d\u00e9noncer un \u00ab\u00a0 coup d\u2019Etat institutionnel\u00a0\u00bb et exiger non seulement le retour \u00e0 l\u2019ordre constitutionnel, mais aussi l\u2019ouverture d\u2019un dialogue national\u00a0 inclusif. Y parviendront-ils\u00a0?\u00a0 C\u2019est la question \u00a0que plus d\u2019un se pose\u00a0 quand on sait que droits dans leurs godasses, les militaires qui se sont empar\u00e9s du pouvoir apr\u00e8s le d\u00e9c\u00e8s du mar\u00e9chal-pr\u00e9sident, n\u2019entendent pas reculer d\u2019un iota.<\/em><\/p>\n<p class=\"c4\"><em>\u00a0<\/em><\/p>\n<p class=\"c6\"><strong><em>Les protagonistes de la crise tchadienne gagneraient \u00a0\u00e0 s\u2019asseoir autour d\u2019une m\u00eame table de n\u00e9gociations<\/em><\/strong><\/p>\n<p class=\"c4\"><em>\u00a0<\/em><\/p>\n<p class=\"c4\"><em>Tant et si bien qu\u2019ils n\u2019h\u00e9sitent pas \u00e0 r\u00e9primer dans le sang toute manifestation de rue d\u2019ailleurs interdite jusqu\u2019\u00e0 nouvel ordre. On l\u2019a d\u00e9j\u00e0 vu le 27 avril dernier o\u00f9 la situation avait d\u00e9g\u00e9n\u00e9r\u00e9 au point que l\u2019on avait d\u00e9nombr\u00e9 plusieurs macchab\u00e9es sur le carreau. Pendant que les initiateurs de la manif parlent de 15 morts, les autorit\u00e9s n\u2019en reconnaissent que 6. C\u2019est une guerre des chiffres qui n\u2019enl\u00e8ve rien au caract\u00e8re sanglant de la manif. Cela dit, il faut craindre qu\u2019avec ce nouvel appel \u00e0 manifester, il ne pleuve du sang sur N\u2019Djamena au regard des positions tr\u00e8s tranch\u00e9es des uns et des autres. C\u2019est le lieu donc d\u2019appeler la communaut\u00e9 internationale \u00e0 agir pendant qu\u2019il est temps afin d\u2019\u00e9viter tout nouveau bain de sang au Tchad qui, en cette p\u00e9riode difficile de son histoire, a plus que jamais besoin de l\u2019union sacr\u00e9e de ses fils et filles. Surtout que le pays fait face, d\u2019un c\u00f4t\u00e9, \u00e0 des djihadistes qui ne cessent de se signaler par des incursions meurtri\u00e8res et de l\u2019autre, \u00e0 une r\u00e9bellion arm\u00e9e qui, m\u00eame mise en d\u00e9route, n\u2019a pas encore dit son dernier mot.\u00a0 Plut\u00f4t donc que de se d\u00e9fier dans la rue, les protagonistes de la crise tchadienne gagneraient, au nom de l\u2019int\u00e9r\u00eat sup\u00e9rieur de la Nation, \u00e0 s\u2019asseoir autour d\u2019une m\u00eame table de n\u00e9gociations. C\u2019est \u00e0 ce prix qu\u2019ils pourront sauver l\u2019essentiel.<\/em><\/p>\n<p class=\"c4\"><em>\u00a0<\/em><\/p>\n<p class=\"c6\"><strong><em>B.O<\/em><\/strong><\/p>\n<p class=\"c4\"><em>\u00a0<\/em><\/p>\n<p>Auteur: Editions LEPAYS<br \/>\n<a href=\"https:\/\/lepays.bf\/nouvel-appel-a-manifester-au-tchad-2\/\">Cliquez ici pour lire l&rsquo;article depuis sa source.<\/a><\/p>\n","protected":false},"excerpt":{"rendered":"<p>Pas de tr\u00eave\u00a0! Pas d\u2019\u00e9tat de gr\u00e2ce\u00a0! C\u2019est en ces termes que l\u2019on peut r\u00e9sumer l\u2019attitude du mouvement citoyen Wakit Tama qui, au lendemain de la\u00a0 formation du gouvernement de Transition au Tchad, appelle\u00a0 \u00e0 de nouvelles manifestations en fin de semaine en cours sur toute l\u2019\u00e9tendue du territoire. Cette coalition compos\u00e9e d\u2019organisations de la [&hellip;]<\/p>\n","protected":false},"author":1813,"featured_media":0,"comment_status":"closed","ping_status":"closed","sticky":false,"template":"","format":"standard","meta":{"fifu_image_url":"","fifu_image_alt":"","footnotes":""},"categories":[73,81],"tags":[],"class_list":["post-116308","post","type-post","status-publish","format-standard","hentry","category-actualite","category-burkina-faso"],"_links":{"self":[{"href":"https:\/\/linitiative.ca\/International\/wp-json\/wp\/v2\/posts\/116308","targetHints":{"allow":["GET"]}}],"collection":[{"href":"https:\/\/linitiative.ca\/International\/wp-json\/wp\/v2\/posts"}],"about":[{"href":"https:\/\/linitiative.ca\/International\/wp-json\/wp\/v2\/types\/post"}],"author":[{"embeddable":true,"href":"https:\/\/linitiative.ca\/International\/wp-json\/wp\/v2\/users\/1813"}],"replies":[{"embeddable":true,"href":"https:\/\/linitiative.ca\/International\/wp-json\/wp\/v2\/comments?post=116308"}],"version-history":[{"count":0,"href":"https:\/\/linitiative.ca\/International\/wp-json\/wp\/v2\/posts\/116308\/revisions"}],"wp:attachment":[{"href":"https:\/\/linitiative.ca\/International\/wp-json\/wp\/v2\/media?parent=116308"}],"wp:term":[{"taxonomy":"category","embeddable":true,"href":"https:\/\/linitiative.ca\/International\/wp-json\/wp\/v2\/categories?post=116308"},{"taxonomy":"post_tag","embeddable":true,"href":"https:\/\/linitiative.ca\/International\/wp-json\/wp\/v2\/tags?post=116308"}],"curies":[{"name":"wp","href":"https:\/\/api.w.org\/{rel}","templated":true}]}}